{"id":20748,"date":"2022-07-26T11:32:54","date_gmt":"2022-07-26T18:32:54","guid":{"rendered":"https:\/\/ameripharmaspe.wpengine.com\/?p=20748"},"modified":"2024-01-29T10:14:05","modified_gmt":"2024-01-29T10:14:05","slug":"myasthenia-gravis-life-expectancy-and-disease-course","status":"publish","type":"post","link":"https:\/\/ameripharmaspecialty.com\/vi\/myasthenia-gravis\/myasthenia-gravis-life-expectancy-and-disease-course\/","title":{"rendered":"Tu\u1ed5i th\u1ecd v\u00e0 di\u1ec5n bi\u1ebfn b\u1ec7nh c\u1ee7a b\u1ec7nh nh\u01b0\u1ee3c c\u01a1"},"content":{"rendered":"<h2 class=\"wp-block-heading\"><span style=\"font-weight: 400;\">Di\u1ec5n bi\u1ebfn b\u1ec7nh c\u1ee7a b\u1ec7nh nh\u01b0\u1ee3c c\u01a1&nbsp;<\/span><\/h2>\n\n\n\n<p><span style=\"font-weight: 400;\">Trong b\u1ec7nh nh\u01b0\u1ee3c c\u01a1 (MG), m\u1ee9c \u0111\u1ed9 y\u1ebfu c\u01a1 v\u00e0 m\u1ec7t m\u1ecfi c\u1ee7a b\u1ec7nh nh\u00e2n c\u00f3 th\u1ec3 thay \u0111\u1ed5i t\u00f9y theo ng\u00e0y. B\u1ec7nh nh\u00e2n th\u01b0\u1eddng c\u1ea3m th\u1ea5y kh\u1ecfe nh\u1ea5t v\u00e0o bu\u1ed5i s\u00e1ng sau m\u1ed9t \u0111\u00eam ngh\u1ec9 ng\u01a1i \u0111\u1ea7y \u0111\u1ee7 v\u00e0 y\u1ebfu h\u01a1n v\u00e0o ban \u0111\u00eam.&nbsp;<\/span><\/p>\n\n\n\n<div  id=\"call-to-action-e112c0dcf6e208b54a5951ba501894af\" style=\"\" class=\"ct_call_to_action\">\n\t<div class=\"container\">\n\t\t<div class=\"block-wrap cta\">\n\t\t\t<div class=\"block-column\">\n\t\t\t\t<div class=\"cta_headings\">\n\t\t\t\t\t\t\t\t\t\t\t<h4 class=\"cta__heading\">\n\t\t\t\t\t\t\tNh\u1eadn h\u1ed7 tr\u1ee3 \u0111\u1ed3ng thanh to\u00e1n IVIG\t\t\t\t\t\t<\/h4>\n\t\t\t\t\t\t\t\t\t\t\t\t\t\t\t\t<span class=\"cta__sub__heading\">\n\t\t\t\t\t\t\tN\u00f3i chuy\u1ec7n v\u1edbi m\u1ed9t chuy\u00ean gia\t\t\t\t\t\t<\/span>\n\t\t\t\t\t\t\t\t\t<\/div>\n\t\t\t\t\t\t\t\t\t<span class=\"cta_btn\">\n\t\t\t\t\t\t<a href=\"tel:8777780318\">(877) 778-0318<\/a>\n\t\t\t\t\t\t\t\t\t\t\t<\/span>\n\t\t\t\t\t\t\t<\/div>\n\n\t\t<\/div>\n\t<\/div>\n<\/div>\n\n\n\n<p><span style=\"font-weight: 400;\">M\u1ee9c \u0111\u1ed9 nghi\u00eam tr\u1ecdng c\u1ee7a c\u00e1c tri\u1ec7u ch\u1ee9ng th\u01b0\u1eddng t\u0103ng d\u1ea7n theo th\u1eddi gian v\u00e0 \u0111\u1ea1t \u0111\u1ec9nh \u0111i\u1ec3m v\u00e0o kho\u1ea3ng 1 \u0111\u1ebfn 3 n\u0103m sau khi kh\u1edfi ph\u00e1t b\u1ec7nh. \u0110\u1ed1i v\u1edbi m\u1ed9t t\u1ef7 l\u1ec7 nh\u1ecf (kho\u1ea3ng 15%) b\u1ec7nh nh\u00e2n, t\u00ecnh tr\u1ea1ng n\u00e0y v\u1eabn ch\u1ec9 \u1edf m\u1eaft. Tuy nhi\u00ean, trong h\u1ea7u h\u1ebft c\u00e1c tr\u01b0\u1eddng h\u1ee3p, t\u00ecnh tr\u1ea1ng n\u00e0y tr\u1edf n\u00ean to\u00e0n th\u00e2n.&nbsp;<\/span><\/p>\n\n\n\n<p><span style=\"font-weight: 400;\">H\u1ea7u h\u1ebft b\u1ec7nh nh\u00e2n kh\u00f4ng b\u1ecb y\u1ebfu c\u01a1 \u0111\u1ebfn m\u1ee9c ph\u1ea3i ng\u1ed3i xe l\u0103n li\u00ean t\u1ee5c. H\u01a1n n\u1eefa, ph\u1ea7n l\u1edbn ng\u01b0\u1eddi m\u1eafc MG v\u1eabn c\u00f3 th\u1ec3 duy tr\u00ec l\u1ed1i s\u1ed1ng n\u0103ng \u0111\u1ed9ng v\u1ec1 th\u1ec3 ch\u1ea5t.&nbsp;<\/span><\/p>\n\n\n\n<p><span style=\"font-weight: 400;\">Kho\u1ea3ng 20% b\u1ec7nh nh\u00e2n c\u00f3 <\/span><a href=\"https:\/\/ameripharmaspecialty.com\/vi\/myasthenia-gravis\/myasthenia-gravis\/\"><span style=\"font-weight: 400;\">MG<\/span><\/a><span style=\"font-weight: 400;\"> c\u00f3 th\u1ec3 \u0111\u1ea1t \u0111\u01b0\u1ee3c s\u1ef1 thuy\u00ean gi\u1ea3m, khi m\u1ed9t s\u1ed1 ho\u1eb7c to\u00e0n b\u1ed9 c\u00e1c tri\u1ec7u ch\u1ee9ng \u0111\u01b0\u1ee3c \u0111\u1ea3o ng\u01b0\u1ee3c. Tuy nhi\u00ean, s\u1ef1 thuy\u00ean gi\u1ea3m n\u00e0y c\u00f3 th\u1ec3 kh\u00f4ng v\u0129nh vi\u1ec5n v\u00e0 th\u01b0\u1eddng k\u00e9o d\u00e0i trung b\u00ecnh 5 n\u0103m. Ng\u01b0\u1eddi b\u1ec7nh c\u00f3 th\u1ec3 tr\u1ea3i qua nhi\u1ec1u h\u01a1n m\u1ed9t l\u1ea7n thuy\u00ean gi\u1ea3m trong su\u1ed1t cu\u1ed9c \u0111\u1eddi. M\u1ed9t s\u1ed1 ng\u01b0\u1eddi m\u1eafc MG c\u00f3 th\u1ec3 \u0111\u1ea1t \u0111\u01b0\u1ee3c s\u1ef1 thuy\u00ean gi\u1ea3m v\u0129nh vi\u1ec5n ho\u1eb7c k\u00e9o d\u00e0i h\u01a1n 20 n\u0103m.<\/span><\/p>\n\n\n\n<p><span style=\"font-weight: 400;\">B\u1ec7nh MG c\u00f3 th\u1ec3 \u1ea3nh h\u01b0\u1edfng \u0111\u1ebfn ch\u1ea5t l\u01b0\u1ee3ng cu\u1ed9c s\u1ed1ng c\u1ee7a nhi\u1ec1u b\u1ec7nh nh\u00e2n. Th\u00f4ng th\u01b0\u1eddng, b\u1ec7nh nh\u00e2n m\u1eafc b\u1ec7nh MG c\u00f3 ch\u1ea5t l\u01b0\u1ee3ng cu\u1ed9c s\u1ed1ng th\u1ea5p h\u01a1n so v\u1edbi d\u00e2n s\u1ed1 n\u00f3i chung. M\u1ed9t s\u1ed1 y\u1ebfu t\u1ed1 \u1ea3nh h\u01b0\u1edfng \u0111\u1ebfn ch\u1ea5t l\u01b0\u1ee3ng cu\u1ed9c s\u1ed1ng, bao g\u1ed3m:&nbsp;<\/span><\/p>\n\n\n\n<ul class=\"wp-block-list\">\n<li><span style=\"font-weight: 400;\">Kh\u1ea3 n\u0103ng v\u1eadn \u0111\u1ed9ng b\u1ecb suy gi\u1ea3m<\/span><\/li>\n\n\n\n<li><span style=\"font-weight: 400;\">Tr\u1ea7m c\u1ea3m<\/span><\/li>\n\n\n\n<li><span style=\"font-weight: 400;\">Thu nh\u1eadp th\u1ea5p<\/span><\/li>\n\n\n\n<li><span style=\"font-weight: 400;\">M\u1ea5t vi\u1ec7c l\u00e0m<\/span><\/li>\n\n\n\n<li><span style=\"font-weight: 400;\">B\u00e9o ph\u00ec<\/span><\/li>\n<\/ul>\n\n\n\n<h2 class=\"wp-block-heading\"><span style=\"font-weight: 400;\">Tu\u1ed5i th\u1ecd c\u1ee7a b\u1ec7nh nh\u01b0\u1ee3c c\u01a1<\/span><\/h2>\n\n\n\n<p><span style=\"font-weight: 400;\">C\u00e1c nh\u00e0 nghi\u00ean c\u1ee9u v\u1eabn ch\u01b0a t\u00ecm ra c\u00e1ch ch\u1eefa kh\u1ecfi b\u1ec7nh nh\u01b0\u1ee3c c\u01a1 (MG). May m\u1eafn thay, h\u1ea7u h\u1ebft nh\u1eefng ng\u01b0\u1eddi m\u1eafc b\u1ec7nh n\u00e0y \u0111\u1ec1u c\u00f3 tu\u1ed5i th\u1ecd b\u00ecnh th\u01b0\u1eddng ho\u1eb7c g\u1ea7n b\u00ecnh th\u01b0\u1eddng.&nbsp;<\/span><\/p>\n\n\n\n<div  id=\"call-to-action-a3c72cfca249856e3eb2d96b799c33be\" style=\"\" class=\"ct_call_to_action\">\n\t<div class=\"container\">\n\t\t<div class=\"block-wrap cta\">\n\t\t\t<div class=\"block-column\">\n\t\t\t\t<div class=\"cta_headings\">\n\t\t\t\t\t\t\t\t\t\t\t<h4 class=\"cta__heading\">\n\t\t\t\t\t\t\tNh\u1eadn li\u1ec1u IVIG c\u1ee7a b\u1ea1n\t\t\t\t\t\t<\/h4>\n\t\t\t\t\t\t\t\t\t\t\t\t\t\t\t\t<span class=\"cta__sub__heading\">\n\t\t\t\t\t\t\tTruy\u1ec1n d\u1ecbch t\u1ea1i nh\u00e0\t\t\t\t\t\t<\/span>\n\t\t\t\t\t\t\t\t\t<\/div>\n\t\t\t\t\t\t\t\t\t<span class=\"cta_btn\">\n\t\t\t\t\t\t<a href=\"#form\">Tham kh\u1ea3o \u00fd ki\u1ebfn c\u1ee7a chuy\u00ean gia IVIG<\/a>\n\t\t\t\t\t\t\t\t\t\t\t<\/span>\n\t\t\t\t\t\t\t<\/div>\n\n\t\t<\/div>\n\t<\/div>\n<\/div>\n\n\n\n<h2 class=\"wp-block-heading\"><span style=\"font-weight: 400;\">C\u00e1c y\u1ebfu t\u1ed1 c\u00f3 th\u1ec3 l\u00e0m t\u0103ng nguy c\u01a1 t\u1eed vong \u1edf nh\u1eefng ng\u01b0\u1eddi m\u1eafc b\u1ec7nh nh\u01b0\u1ee3c c\u01a1<\/span><\/h2>\n\n\n\n<p><span style=\"font-weight: 400;\">M\u1ed9t s\u1ed1 nghi\u00ean c\u1ee9u cho th\u1ea5y c\u00e1c y\u1ebfu t\u1ed1 sau \u0111\u00e2y c\u00f3 th\u1ec3 l\u00e0m t\u0103ng nguy c\u01a1 t\u1eed vong:<\/span><\/p>\n\n\n\n<ul class=\"wp-block-list\">\n<li><span style=\"font-weight: 400;\">\u0110\u1ed9t qu\u1ef5<\/span><\/li>\n\n\n\n<li><span style=\"font-weight: 400;\">B\u1ec7nh ph\u1ed5i t\u1eafc ngh\u1ebdn m\u00e3n t\u00ednh (<\/span><a href=\"https:\/\/www.cdc.gov\/copd\/index.html#:~:text=Chronic%20obstructive%20pulmonary%20disease%2C%20or,Americans%20who%20have%20this%20disease.\"><span style=\"font-weight: 400;\">B\u1ec7nh ph\u1ed5i t\u1eafc ngh\u1ebdn m\u00e3n t\u00ednh<\/span><\/a><span style=\"font-weight: 400;\">)<\/span><\/li>\n\n\n\n<li><span style=\"font-weight: 400;\">Vi\u00eam ph\u1ed5i<\/span><\/li>\n\n\n\n<li><span style=\"font-weight: 400;\">C\u00fam<\/span><\/li>\n\n\n\n<li><span style=\"font-weight: 400;\">B\u1ec7nh ti\u1ec3u \u0111\u01b0\u1eddng<\/span><\/li>\n\n\n\n<li><span style=\"font-weight: 400;\">Nh\u1ecbp tim kh\u00f4ng \u0111\u1ec1u (rung nh\u0129)<\/span><\/li>\n\n\n\n<li><span style=\"font-weight: 400;\">N\u1ed3ng \u0111\u1ed9 m\u1ee1 m\u00e1u cao (t\u0103ng lipid m\u00e1u)<\/span><\/li>\n\n\n\n<li><span style=\"font-weight: 400;\">\u0110au tim (nh\u1ed3i m\u00e1u c\u01a1 tim)<\/span><\/li>\n\n\n\n<li><span style=\"font-weight: 400;\">Kh\u1ed1i u \u00e1c t\u00ednh<\/span><\/li>\n<\/ul>","protected":false},"excerpt":{"rendered":"<p>Trong b\u1ec7nh nh\u01b0\u1ee3c c\u01a1 (MG), m\u1ee9c \u0111\u1ed9 y\u1ebfu c\u01a1 v\u00e0 m\u1ec7t m\u1ecfi c\u1ee7a b\u1ec7nh nh\u00e2n c\u00f3 th\u1ec3 thay \u0111\u1ed5i t\u00f9y theo ng\u00e0y. B\u1ec7nh nh\u00e2n th\u01b0\u1eddng c\u1ea3m th\u1ea5y kh\u1ecfe nh\u1ea5t v\u00e0o bu\u1ed5i s\u00e1ng sau m\u1ed9t \u0111\u00eam ngh\u1ec9 ng\u01a1i \u0111\u1ea7y \u0111\u1ee7 v\u00e0 y\u1ebfu h\u01a1n v\u00e0o ban \u0111\u00eam.\u00a0<\/p>","protected":false},"author":15,"featured_media":20749,"comment_status":"closed","ping_status":"closed","sticky":false,"template":"","format":"standard","meta":{"_acf_changed":false,"om_disable_all_campaigns":false,"_uag_custom_page_level_css":"","footnotes":""},"categories":[10],"tags":[19],"class_list":["post-20748","post","type-post","status-publish","format-standard","has-post-thumbnail","hentry","category-myasthenia-gravis","tag-dr-rachel-chang"],"acf":[],"yoast_head":"<!-- This site is optimized with the Yoast SEO plugin v27.5 - https:\/\/yoast.com\/product\/yoast-seo-wordpress\/ -->\n<title>Myasthenia Gravis Life Expectancy and Disease Course<\/title>\n<meta name=\"description\" content=\"This post addresses myasthenia gravis life expectancy and disease course and also includes factors that increase death risk in MG patients.\" \/>\n<meta name=\"robots\" content=\"index, follow, max-snippet:-1, max-image-preview:large, max-video-preview:-1\" \/>\n<link rel=\"canonical\" href=\"https:\/\/ameripharmaspecialty.com\/vi\/myasthenia-gravis\/myasthenia-gravis-life-expectancy-and-disease-course\/\" \/>\n<meta property=\"og:locale\" content=\"vi_VN\" \/>\n<meta property=\"og:type\" content=\"article\" \/>\n<meta property=\"og:title\" content=\"Myasthenia Gravis Life Expectancy and Disease Course\" \/>\n<meta property=\"og:description\" content=\"This post addresses myasthenia gravis life expectancy and disease course and also includes factors that increase death risk in MG patients.\" \/>\n<meta property=\"og:url\" content=\"https:\/\/ameripharmaspecialty.com\/vi\/myasthenia-gravis\/myasthenia-gravis-life-expectancy-and-disease-course\/\" \/>\n<meta property=\"og:site_name\" content=\"AmeriPharma\u00ae Specialty Care\" \/>\n<meta property=\"article:publisher\" content=\"https:\/\/www.facebook.com\/ameripharma\/\" \/>\n<meta property=\"article:published_time\" content=\"2022-07-26T18:32:54+00:00\" \/>\n<meta property=\"article:modified_time\" content=\"2024-01-29T10:14:05+00:00\" \/>\n<meta property=\"og:image\" content=\"https:\/\/ameripharmaspecialty.com\/wp-content\/uploads\/2022\/07\/myasthenia-gravis-patient.jpg\" \/>\n\t<meta property=\"og:image:width\" content=\"1280\" \/>\n\t<meta property=\"og:image:height\" content=\"853\" \/>\n\t<meta property=\"og:image:type\" content=\"image\/jpeg\" \/>\n<meta name=\"author\" content=\"Dr. Rachel Chang, PharmD\" \/>\n<meta name=\"twitter:card\" content=\"summary_large_image\" \/>\n<meta name=\"twitter:label1\" content=\"Written by\" \/>\n\t<meta name=\"twitter:data1\" content=\"Dr. Rachel Chang, PharmD\" \/>\n\t<meta name=\"twitter:label2\" content=\"Est. reading time\" \/>\n\t<meta name=\"twitter:data2\" content=\"2 ph\u00fat\" \/>\n<script type=\"application\/ld+json\" class=\"yoast-schema-graph\">{\"@context\":\"https:\\\/\\\/schema.org\",\"@graph\":[{\"@type\":\"Article\",\"@id\":\"https:\\\/\\\/ameripharmaspecialty.com\\\/myasthenia-gravis\\\/myasthenia-gravis-life-expectancy-and-disease-course\\\/#article\",\"isPartOf\":{\"@id\":\"https:\\\/\\\/ameripharmaspecialty.com\\\/myasthenia-gravis\\\/myasthenia-gravis-life-expectancy-and-disease-course\\\/\"},\"author\":{\"name\":\"Dr. Rachel Chang, PharmD\",\"@id\":\"https:\\\/\\\/ameripharmaspecialty.com\\\/es\\\/#\\\/schema\\\/person\\\/434b2e8d9065aae5f06dbb47a6fd2b5d\"},\"headline\":\"Myasthenia Gravis Life Expectancy and Disease Course\",\"datePublished\":\"2022-07-26T18:32:54+00:00\",\"dateModified\":\"2024-01-29T10:14:05+00:00\",\"mainEntityOfPage\":{\"@id\":\"https:\\\/\\\/ameripharmaspecialty.com\\\/myasthenia-gravis\\\/myasthenia-gravis-life-expectancy-and-disease-course\\\/\"},\"wordCount\":307,\"publisher\":{\"@id\":\"https:\\\/\\\/ameripharmaspecialty.com\\\/es\\\/#organization\"},\"image\":{\"@id\":\"https:\\\/\\\/ameripharmaspecialty.com\\\/myasthenia-gravis\\\/myasthenia-gravis-life-expectancy-and-disease-course\\\/#primaryimage\"},\"thumbnailUrl\":\"https:\\\/\\\/ameripharmaspecialty.com\\\/wp-content\\\/uploads\\\/2022\\\/07\\\/myasthenia-gravis-patient.jpg\",\"keywords\":[\"Dr. Rachel Chang\"],\"articleSection\":[\"Myasthenia Gravis\"],\"inLanguage\":\"vi\"},{\"@type\":\"WebPage\",\"@id\":\"https:\\\/\\\/ameripharmaspecialty.com\\\/myasthenia-gravis\\\/myasthenia-gravis-life-expectancy-and-disease-course\\\/\",\"url\":\"https:\\\/\\\/ameripharmaspecialty.com\\\/myasthenia-gravis\\\/myasthenia-gravis-life-expectancy-and-disease-course\\\/\",\"name\":\"Myasthenia Gravis Life Expectancy and Disease Course\",\"isPartOf\":{\"@id\":\"https:\\\/\\\/ameripharmaspecialty.com\\\/es\\\/#website\"},\"primaryImageOfPage\":{\"@id\":\"https:\\\/\\\/ameripharmaspecialty.com\\\/myasthenia-gravis\\\/myasthenia-gravis-life-expectancy-and-disease-course\\\/#primaryimage\"},\"image\":{\"@id\":\"https:\\\/\\\/ameripharmaspecialty.com\\\/myasthenia-gravis\\\/myasthenia-gravis-life-expectancy-and-disease-course\\\/#primaryimage\"},\"thumbnailUrl\":\"https:\\\/\\\/ameripharmaspecialty.com\\\/wp-content\\\/uploads\\\/2022\\\/07\\\/myasthenia-gravis-patient.jpg\",\"datePublished\":\"2022-07-26T18:32:54+00:00\",\"dateModified\":\"2024-01-29T10:14:05+00:00\",\"description\":\"This post addresses myasthenia gravis life expectancy and disease course and also includes factors that increase death risk in MG patients.\",\"breadcrumb\":{\"@id\":\"https:\\\/\\\/ameripharmaspecialty.com\\\/myasthenia-gravis\\\/myasthenia-gravis-life-expectancy-and-disease-course\\\/#breadcrumb\"},\"inLanguage\":\"vi\",\"potentialAction\":[{\"@type\":\"ReadAction\",\"target\":[\"https:\\\/\\\/ameripharmaspecialty.com\\\/myasthenia-gravis\\\/myasthenia-gravis-life-expectancy-and-disease-course\\\/\"]}]},{\"@type\":\"ImageObject\",\"inLanguage\":\"vi\",\"@id\":\"https:\\\/\\\/ameripharmaspecialty.com\\\/myasthenia-gravis\\\/myasthenia-gravis-life-expectancy-and-disease-course\\\/#primaryimage\",\"url\":\"https:\\\/\\\/ameripharmaspecialty.com\\\/wp-content\\\/uploads\\\/2022\\\/07\\\/myasthenia-gravis-patient.jpg\",\"contentUrl\":\"https:\\\/\\\/ameripharmaspecialty.com\\\/wp-content\\\/uploads\\\/2022\\\/07\\\/myasthenia-gravis-patient.jpg\",\"width\":1280,\"height\":853,\"caption\":\"Myasthenia Gravis Patient\"},{\"@type\":\"BreadcrumbList\",\"@id\":\"https:\\\/\\\/ameripharmaspecialty.com\\\/myasthenia-gravis\\\/myasthenia-gravis-life-expectancy-and-disease-course\\\/#breadcrumb\",\"itemListElement\":[{\"@type\":\"ListItem\",\"position\":1,\"name\":\"Home\",\"item\":\"https:\\\/\\\/ameripharmaspecialty.com\\\/zh\\\/\"},{\"@type\":\"ListItem\",\"position\":2,\"name\":\"Myasthenia Gravis Life Expectancy and Disease Course\"}]},{\"@type\":\"WebSite\",\"@id\":\"https:\\\/\\\/ameripharmaspecialty.com\\\/es\\\/#website\",\"url\":\"https:\\\/\\\/ameripharmaspecialty.com\\\/es\\\/\",\"name\":\"AmeriPharma\u00ae Specialty Care\",\"description\":\"Specialty Care by AmeriPharma\",\"publisher\":{\"@id\":\"https:\\\/\\\/ameripharmaspecialty.com\\\/es\\\/#organization\"},\"potentialAction\":[{\"@type\":\"SearchAction\",\"target\":{\"@type\":\"EntryPoint\",\"urlTemplate\":\"https:\\\/\\\/ameripharmaspecialty.com\\\/es\\\/?s={search_term_string}\"},\"query-input\":{\"@type\":\"PropertyValueSpecification\",\"valueRequired\":true,\"valueName\":\"search_term_string\"}}],\"inLanguage\":\"vi\"},{\"@type\":\"Organization\",\"@id\":\"https:\\\/\\\/ameripharmaspecialty.com\\\/es\\\/#organization\",\"name\":\"Ameripharma Specialty Care\",\"url\":\"https:\\\/\\\/ameripharmaspecialty.com\\\/es\\\/\",\"logo\":{\"@type\":\"ImageObject\",\"inLanguage\":\"vi\",\"@id\":\"https:\\\/\\\/ameripharmaspecialty.com\\\/es\\\/#\\\/schema\\\/logo\\\/image\\\/\",\"url\":\"https:\\\/\\\/ameripharmaspecialty.com\\\/wp-content\\\/uploads\\\/2024\\\/07\\\/specialty-care-logo-large-square.png\",\"contentUrl\":\"https:\\\/\\\/ameripharmaspecialty.com\\\/wp-content\\\/uploads\\\/2024\\\/07\\\/specialty-care-logo-large-square.png\",\"width\":400,\"height\":400,\"caption\":\"Ameripharma Specialty Care\"},\"image\":{\"@id\":\"https:\\\/\\\/ameripharmaspecialty.com\\\/es\\\/#\\\/schema\\\/logo\\\/image\\\/\"},\"sameAs\":[\"https:\\\/\\\/www.facebook.com\\\/ameripharma\\\/\"]},{\"@type\":\"Person\",\"@id\":\"https:\\\/\\\/ameripharmaspecialty.com\\\/es\\\/#\\\/schema\\\/person\\\/434b2e8d9065aae5f06dbb47a6fd2b5d\",\"name\":\"Dr. Rachel Chang, PharmD\",\"image\":{\"@type\":\"ImageObject\",\"inLanguage\":\"vi\",\"@id\":\"https:\\\/\\\/secure.gravatar.com\\\/avatar\\\/c3ae6774f18bef8df05c572338b8557af3dd277fe9085abf2bc96503ecb5eb65?s=96&d=mm&r=g\",\"url\":\"https:\\\/\\\/secure.gravatar.com\\\/avatar\\\/c3ae6774f18bef8df05c572338b8557af3dd277fe9085abf2bc96503ecb5eb65?s=96&d=mm&r=g\",\"contentUrl\":\"https:\\\/\\\/secure.gravatar.com\\\/avatar\\\/c3ae6774f18bef8df05c572338b8557af3dd277fe9085abf2bc96503ecb5eb65?s=96&d=mm&r=g\",\"caption\":\"Dr. Rachel Chang, PharmD\"},\"description\":\"Dr. Rachel Chang, PharmD was born and raised in Hawaii. She received her degree from Marshall B. Ketchum University in 2022, where she graduated with cum laude honors. The most rewarding part of her job is the connections she makes with each patient. She enjoys speaking with each patient and helping them achieve the best treatment possible. In her free time, she likes spending time with her family, traveling, fishing, and mountain biking.\",\"url\":\"https:\\\/\\\/ameripharmaspecialty.com\\\/vi\\\/author\\\/rachel\\\/\"}]}<\/script>\n<!-- \/ Yoast SEO plugin. -->","yoast_head_json":{"title":"Tu\u1ed5i th\u1ecd v\u00e0 di\u1ec5n bi\u1ebfn b\u1ec7nh c\u1ee7a b\u1ec7nh nh\u01b0\u1ee3c c\u01a1","description":"B\u00e0i vi\u1ebft n\u00e0y \u0111\u1ec1 c\u1eadp \u0111\u1ebfn tu\u1ed5i th\u1ecd v\u00e0 di\u1ec5n bi\u1ebfn c\u1ee7a b\u1ec7nh nh\u01b0\u1ee3c c\u01a1, \u0111\u1ed3ng th\u1eddi bao g\u1ed3m c\u00e1c y\u1ebfu t\u1ed1 l\u00e0m t\u0103ng nguy c\u01a1 t\u1eed vong \u1edf b\u1ec7nh nh\u00e2n MG.","robots":{"index":"index","follow":"follow","max-snippet":"max-snippet:-1","max-image-preview":"max-image-preview:large","max-video-preview":"max-video-preview:-1"},"canonical":"https:\/\/ameripharmaspecialty.com\/vi\/myasthenia-gravis\/myasthenia-gravis-life-expectancy-and-disease-course\/","og_locale":"vi_VN","og_type":"article","og_title":"Myasthenia Gravis Life Expectancy and Disease Course","og_description":"This post addresses myasthenia gravis life expectancy and disease course and also includes factors that increase death risk in MG patients.","og_url":"https:\/\/ameripharmaspecialty.com\/vi\/myasthenia-gravis\/myasthenia-gravis-life-expectancy-and-disease-course\/","og_site_name":"AmeriPharma\u00ae Specialty Care","article_publisher":"https:\/\/www.facebook.com\/ameripharma\/","article_published_time":"2022-07-26T18:32:54+00:00","article_modified_time":"2024-01-29T10:14:05+00:00","og_image":[{"width":1280,"height":853,"url":"https:\/\/ameripharmaspecialty.com\/wp-content\/uploads\/2022\/07\/myasthenia-gravis-patient.jpg","type":"image\/jpeg"}],"author":"Dr. Rachel Chang, PharmD","twitter_card":"summary_large_image","twitter_misc":{"Written by":"Dr. Rachel Chang, PharmD","Est. reading time":"2 ph\u00fat"},"schema":{"@context":"https:\/\/schema.org","@graph":[{"@type":"Article","@id":"https:\/\/ameripharmaspecialty.com\/myasthenia-gravis\/myasthenia-gravis-life-expectancy-and-disease-course\/#article","isPartOf":{"@id":"https:\/\/ameripharmaspecialty.com\/myasthenia-gravis\/myasthenia-gravis-life-expectancy-and-disease-course\/"},"author":{"name":"Dr. Rachel Chang, PharmD","@id":"https:\/\/ameripharmaspecialty.com\/es\/#\/schema\/person\/434b2e8d9065aae5f06dbb47a6fd2b5d"},"headline":"Myasthenia Gravis Life Expectancy and Disease Course","datePublished":"2022-07-26T18:32:54+00:00","dateModified":"2024-01-29T10:14:05+00:00","mainEntityOfPage":{"@id":"https:\/\/ameripharmaspecialty.com\/myasthenia-gravis\/myasthenia-gravis-life-expectancy-and-disease-course\/"},"wordCount":307,"publisher":{"@id":"https:\/\/ameripharmaspecialty.com\/es\/#organization"},"image":{"@id":"https:\/\/ameripharmaspecialty.com\/myasthenia-gravis\/myasthenia-gravis-life-expectancy-and-disease-course\/#primaryimage"},"thumbnailUrl":"https:\/\/ameripharmaspecialty.com\/wp-content\/uploads\/2022\/07\/myasthenia-gravis-patient.jpg","keywords":["Dr. Rachel Chang"],"articleSection":["Myasthenia Gravis"],"inLanguage":"vi"},{"@type":"WebPage","@id":"https:\/\/ameripharmaspecialty.com\/myasthenia-gravis\/myasthenia-gravis-life-expectancy-and-disease-course\/","url":"https:\/\/ameripharmaspecialty.com\/myasthenia-gravis\/myasthenia-gravis-life-expectancy-and-disease-course\/","name":"Tu\u1ed5i th\u1ecd v\u00e0 di\u1ec5n bi\u1ebfn b\u1ec7nh c\u1ee7a b\u1ec7nh nh\u01b0\u1ee3c c\u01a1","isPartOf":{"@id":"https:\/\/ameripharmaspecialty.com\/es\/#website"},"primaryImageOfPage":{"@id":"https:\/\/ameripharmaspecialty.com\/myasthenia-gravis\/myasthenia-gravis-life-expectancy-and-disease-course\/#primaryimage"},"image":{"@id":"https:\/\/ameripharmaspecialty.com\/myasthenia-gravis\/myasthenia-gravis-life-expectancy-and-disease-course\/#primaryimage"},"thumbnailUrl":"https:\/\/ameripharmaspecialty.com\/wp-content\/uploads\/2022\/07\/myasthenia-gravis-patient.jpg","datePublished":"2022-07-26T18:32:54+00:00","dateModified":"2024-01-29T10:14:05+00:00","description":"B\u00e0i vi\u1ebft n\u00e0y \u0111\u1ec1 c\u1eadp \u0111\u1ebfn tu\u1ed5i th\u1ecd v\u00e0 di\u1ec5n bi\u1ebfn c\u1ee7a b\u1ec7nh nh\u01b0\u1ee3c c\u01a1, \u0111\u1ed3ng th\u1eddi bao g\u1ed3m c\u00e1c y\u1ebfu t\u1ed1 l\u00e0m t\u0103ng nguy c\u01a1 t\u1eed vong \u1edf b\u1ec7nh nh\u00e2n MG.","breadcrumb":{"@id":"https:\/\/ameripharmaspecialty.com\/myasthenia-gravis\/myasthenia-gravis-life-expectancy-and-disease-course\/#breadcrumb"},"inLanguage":"vi","potentialAction":[{"@type":"ReadAction","target":["https:\/\/ameripharmaspecialty.com\/myasthenia-gravis\/myasthenia-gravis-life-expectancy-and-disease-course\/"]}]},{"@type":"ImageObject","inLanguage":"vi","@id":"https:\/\/ameripharmaspecialty.com\/myasthenia-gravis\/myasthenia-gravis-life-expectancy-and-disease-course\/#primaryimage","url":"https:\/\/ameripharmaspecialty.com\/wp-content\/uploads\/2022\/07\/myasthenia-gravis-patient.jpg","contentUrl":"https:\/\/ameripharmaspecialty.com\/wp-content\/uploads\/2022\/07\/myasthenia-gravis-patient.jpg","width":1280,"height":853,"caption":"Myasthenia Gravis Patient"},{"@type":"BreadcrumbList","@id":"https:\/\/ameripharmaspecialty.com\/myasthenia-gravis\/myasthenia-gravis-life-expectancy-and-disease-course\/#breadcrumb","itemListElement":[{"@type":"ListItem","position":1,"name":"Home","item":"https:\/\/ameripharmaspecialty.com\/zh\/"},{"@type":"ListItem","position":2,"name":"Myasthenia Gravis Life Expectancy and Disease Course"}]},{"@type":"WebSite","@id":"https:\/\/ameripharmaspecialty.com\/es\/#website","url":"https:\/\/ameripharmaspecialty.com\/es\/","name":"Ch\u0103m s\u00f3c \u0111\u1eb7c bi\u1ec7t AmeriPharma\u00ae","description":"Ch\u0103m s\u00f3c \u0111\u1eb7c bi\u1ec7t c\u1ee7a AmeriPharma","publisher":{"@id":"https:\/\/ameripharmaspecialty.com\/es\/#organization"},"potentialAction":[{"@type":"SearchAction","target":{"@type":"EntryPoint","urlTemplate":"https:\/\/ameripharmaspecialty.com\/es\/?s={search_term_string}"},"query-input":{"@type":"PropertyValueSpecification","valueRequired":true,"valueName":"search_term_string"}}],"inLanguage":"vi"},{"@type":"Organization","@id":"https:\/\/ameripharmaspecialty.com\/es\/#organization","name":"Ch\u0103m s\u00f3c \u0111\u1eb7c bi\u1ec7t Ameripharma","url":"https:\/\/ameripharmaspecialty.com\/es\/","logo":{"@type":"ImageObject","inLanguage":"vi","@id":"https:\/\/ameripharmaspecialty.com\/es\/#\/schema\/logo\/image\/","url":"https:\/\/ameripharmaspecialty.com\/wp-content\/uploads\/2024\/07\/specialty-care-logo-large-square.png","contentUrl":"https:\/\/ameripharmaspecialty.com\/wp-content\/uploads\/2024\/07\/specialty-care-logo-large-square.png","width":400,"height":400,"caption":"Ameripharma Specialty Care"},"image":{"@id":"https:\/\/ameripharmaspecialty.com\/es\/#\/schema\/logo\/image\/"},"sameAs":["https:\/\/www.facebook.com\/ameripharma\/"]},{"@type":"Person","@id":"https:\/\/ameripharmaspecialty.com\/es\/#\/schema\/person\/434b2e8d9065aae5f06dbb47a6fd2b5d","name":"Ti\u1ebfn s\u0129 Rachel Chang, Ti\u1ebfn s\u0129 D\u01b0\u1ee3c","image":{"@type":"ImageObject","inLanguage":"vi","@id":"https:\/\/secure.gravatar.com\/avatar\/c3ae6774f18bef8df05c572338b8557af3dd277fe9085abf2bc96503ecb5eb65?s=96&d=mm&r=g","url":"https:\/\/secure.gravatar.com\/avatar\/c3ae6774f18bef8df05c572338b8557af3dd277fe9085abf2bc96503ecb5eb65?s=96&d=mm&r=g","contentUrl":"https:\/\/secure.gravatar.com\/avatar\/c3ae6774f18bef8df05c572338b8557af3dd277fe9085abf2bc96503ecb5eb65?s=96&d=mm&r=g","caption":"Dr. Rachel Chang, PharmD"},"description":"Ti\u1ebfn s\u0129 Rachel Chang, D\u01b0\u1ee3c s\u0129, sinh ra v\u00e0 l\u1edbn l\u00ean t\u1ea1i Hawaii. C\u00f4 t\u1ed1t nghi\u1ec7p lo\u1ea1i xu\u1ea5t s\u1eafc t\u1ea1i \u0110\u1ea1i h\u1ecdc Marshall B. Ketchum n\u0103m 2022. \u0110i\u1ec1u \u0111\u00e1ng t\u1ef1 h\u00e0o nh\u1ea5t trong c\u00f4ng vi\u1ec7c c\u1ee7a c\u00f4 l\u00e0 s\u1ef1 k\u1ebft n\u1ed1i v\u1edbi t\u1eebng b\u1ec7nh nh\u00e2n. C\u00f4 th\u00edch tr\u00f2 chuy\u1ec7n v\u1edbi t\u1eebng b\u1ec7nh nh\u00e2n v\u00e0 gi\u00fap h\u1ecd \u0111\u1ea1t \u0111\u01b0\u1ee3c ph\u01b0\u01a1ng ph\u00e1p \u0111i\u1ec1u tr\u1ecb t\u1ed1t nh\u1ea5t c\u00f3 th\u1ec3. Trong th\u1eddi gian r\u1ea3nh r\u1ed7i, c\u00f4 th\u00edch d\u00e0nh th\u1eddi gian cho gia \u0111\u00ecnh, \u0111i du l\u1ecbch, c\u00e2u c\u00e1 v\u00e0 \u0111\u1ea1p xe leo n\u00fai.","url":"https:\/\/ameripharmaspecialty.com\/vi\/author\/rachel\/"}]}},"uagb_featured_image_src":{"full":["https:\/\/ameripharmaspecialty.com\/wp-content\/uploads\/2022\/07\/myasthenia-gravis-patient.jpg",1280,853,false],"thumbnail":["https:\/\/ameripharmaspecialty.com\/wp-content\/uploads\/2022\/07\/myasthenia-gravis-patient-150x150.jpg",150,150,true],"medium":["https:\/\/ameripharmaspecialty.com\/wp-content\/uploads\/2022\/07\/myasthenia-gravis-patient-300x200.jpg",300,200,true],"medium_large":["https:\/\/ameripharmaspecialty.com\/wp-content\/uploads\/2022\/07\/myasthenia-gravis-patient-768x512.jpg",768,512,true],"large":["https:\/\/ameripharmaspecialty.com\/wp-content\/uploads\/2022\/07\/myasthenia-gravis-patient-1024x682.jpg",1024,682,true],"1536x1536":["https:\/\/ameripharmaspecialty.com\/wp-content\/uploads\/2022\/07\/myasthenia-gravis-patient.jpg",1280,853,false],"2048x2048":["https:\/\/ameripharmaspecialty.com\/wp-content\/uploads\/2022\/07\/myasthenia-gravis-patient.jpg",1280,853,false],"trp-custom-language-flag":["https:\/\/ameripharmaspecialty.com\/wp-content\/uploads\/2022\/07\/myasthenia-gravis-patient.jpg",18,12,false],"block-image-html-large":["https:\/\/ameripharmaspecialty.com\/wp-content\/uploads\/2022\/07\/myasthenia-gravis-patient.jpg",600,400,false],"ct-gallery":["https:\/\/ameripharmaspecialty.com\/wp-content\/uploads\/2022\/07\/myasthenia-gravis-patient-330x220.jpg",330,220,true],"ct-section-header":["https:\/\/ameripharmaspecialty.com\/wp-content\/uploads\/2022\/07\/myasthenia-gravis-patient-1146x380.jpg",1146,380,true],"ct-thumb":["https:\/\/ameripharmaspecialty.com\/wp-content\/uploads\/2022\/07\/myasthenia-gravis-patient-86x57.jpg",86,57,true],"ct-thumb-large":["https:\/\/ameripharmaspecialty.com\/wp-content\/uploads\/2022\/07\/myasthenia-gravis-patient-167x111.jpg",167,111,true],"ct-small":["https:\/\/ameripharmaspecialty.com\/wp-content\/uploads\/2022\/07\/myasthenia-gravis-patient-280x187.jpg",280,187,true],"ct-medium":["https:\/\/ameripharmaspecialty.com\/wp-content\/uploads\/2022\/07\/myasthenia-gravis-patient-370x247.jpg",370,247,true],"ct-xmedium":["https:\/\/ameripharmaspecialty.com\/wp-content\/uploads\/2022\/07\/myasthenia-gravis-patient-960x640.jpg",960,640,true],"ct-large":["https:\/\/ameripharmaspecialty.com\/wp-content\/uploads\/2022\/07\/myasthenia-gravis-patient.jpg",1280,853,false]},"uagb_author_info":{"display_name":"Dr. Rachel Chang, PharmD","author_link":"https:\/\/ameripharmaspecialty.com\/vi\/author\/rachel\/"},"uagb_comment_info":0,"uagb_excerpt":"In myasthenia gravis (MG), the degree of weakness and fatigue experienced by the patient can vary each day. Patients tend to feel strongest in the morning following a full night\u2019s rest and feel weaker at night.\u00a0","rttpg_featured_image_url":{"full":["https:\/\/ameripharmaspecialty.com\/wp-content\/uploads\/2022\/07\/myasthenia-gravis-patient.jpg",1280,853,false],"landscape":["https:\/\/ameripharmaspecialty.com\/wp-content\/uploads\/2022\/07\/myasthenia-gravis-patient.jpg",1280,853,false],"portraits":["https:\/\/ameripharmaspecialty.com\/wp-content\/uploads\/2022\/07\/myasthenia-gravis-patient.jpg",1280,853,false],"thumbnail":["https:\/\/ameripharmaspecialty.com\/wp-content\/uploads\/2022\/07\/myasthenia-gravis-patient-150x150.jpg",150,150,true],"medium":["https:\/\/ameripharmaspecialty.com\/wp-content\/uploads\/2022\/07\/myasthenia-gravis-patient-300x200.jpg",300,200,true],"large":["https:\/\/ameripharmaspecialty.com\/wp-content\/uploads\/2022\/07\/myasthenia-gravis-patient-1024x682.jpg",1024,682,true],"1536x1536":["https:\/\/ameripharmaspecialty.com\/wp-content\/uploads\/2022\/07\/myasthenia-gravis-patient.jpg",1280,853,false],"2048x2048":["https:\/\/ameripharmaspecialty.com\/wp-content\/uploads\/2022\/07\/myasthenia-gravis-patient.jpg",1280,853,false],"trp-custom-language-flag":["https:\/\/ameripharmaspecialty.com\/wp-content\/uploads\/2022\/07\/myasthenia-gravis-patient.jpg",18,12,false],"block-image-html-large":["https:\/\/ameripharmaspecialty.com\/wp-content\/uploads\/2022\/07\/myasthenia-gravis-patient.jpg",600,400,false],"ct-gallery":["https:\/\/ameripharmaspecialty.com\/wp-content\/uploads\/2022\/07\/myasthenia-gravis-patient-330x220.jpg",330,220,true],"ct-section-header":["https:\/\/ameripharmaspecialty.com\/wp-content\/uploads\/2022\/07\/myasthenia-gravis-patient-1146x380.jpg",1146,380,true],"ct-thumb":["https:\/\/ameripharmaspecialty.com\/wp-content\/uploads\/2022\/07\/myasthenia-gravis-patient-86x57.jpg",86,57,true],"ct-thumb-large":["https:\/\/ameripharmaspecialty.com\/wp-content\/uploads\/2022\/07\/myasthenia-gravis-patient-167x111.jpg",167,111,true],"ct-small":["https:\/\/ameripharmaspecialty.com\/wp-content\/uploads\/2022\/07\/myasthenia-gravis-patient-280x187.jpg",280,187,true],"ct-medium":["https:\/\/ameripharmaspecialty.com\/wp-content\/uploads\/2022\/07\/myasthenia-gravis-patient-370x247.jpg",370,247,true],"ct-xmedium":["https:\/\/ameripharmaspecialty.com\/wp-content\/uploads\/2022\/07\/myasthenia-gravis-patient-960x640.jpg",960,640,true],"ct-large":["https:\/\/ameripharmaspecialty.com\/wp-content\/uploads\/2022\/07\/myasthenia-gravis-patient.jpg",1280,853,false]},"rttpg_author":{"display_name":"Dr. Rachel Chang, PharmD","author_link":"https:\/\/ameripharmaspecialty.com\/vi\/author\/rachel\/"},"rttpg_comment":0,"rttpg_category":"<a href=\"https:\/\/ameripharmaspecialty.com\/vi\/category\/myasthenia-gravis\/\" rel=\"category tag\">Myasthenia Gravis<\/a>","rttpg_excerpt":"In myasthenia gravis (MG), the degree of weakness and fatigue experienced by the patient can vary each day. Patients tend to feel strongest in the morning following a full night\u2019s rest and feel weaker at night.\u00a0","_links":{"self":[{"href":"https:\/\/ameripharmaspecialty.com\/vi\/wp-json\/wp\/v2\/posts\/20748","targetHints":{"allow":["GET"]}}],"collection":[{"href":"https:\/\/ameripharmaspecialty.com\/vi\/wp-json\/wp\/v2\/posts"}],"about":[{"href":"https:\/\/ameripharmaspecialty.com\/vi\/wp-json\/wp\/v2\/types\/post"}],"author":[{"embeddable":true,"href":"https:\/\/ameripharmaspecialty.com\/vi\/wp-json\/wp\/v2\/users\/15"}],"replies":[{"embeddable":true,"href":"https:\/\/ameripharmaspecialty.com\/vi\/wp-json\/wp\/v2\/comments?post=20748"}],"version-history":[{"count":0,"href":"https:\/\/ameripharmaspecialty.com\/vi\/wp-json\/wp\/v2\/posts\/20748\/revisions"}],"wp:featuredmedia":[{"embeddable":true,"href":"https:\/\/ameripharmaspecialty.com\/vi\/wp-json\/wp\/v2\/media\/20749"}],"wp:attachment":[{"href":"https:\/\/ameripharmaspecialty.com\/vi\/wp-json\/wp\/v2\/media?parent=20748"}],"wp:term":[{"taxonomy":"category","embeddable":true,"href":"https:\/\/ameripharmaspecialty.com\/vi\/wp-json\/wp\/v2\/categories?post=20748"},{"taxonomy":"post_tag","embeddable":true,"href":"https:\/\/ameripharmaspecialty.com\/vi\/wp-json\/wp\/v2\/tags?post=20748"}],"curies":[{"name":"wp","href":"https:\/\/api.w.org\/{rel}","templated":true}]}}