{"id":23902,"date":"2024-02-20T11:56:40","date_gmt":"2024-02-20T19:56:40","guid":{"rendered":"https:\/\/ameripharmaspecialty.com\/autoimmune-uveitis-understanding-the-eye-disorder-that-threatens-vision\/"},"modified":"2024-07-09T16:03:20","modified_gmt":"2024-07-09T23:03:20","slug":"autoimmune-uveitis-understanding-the-eye-disorder-that-threatens-vision","status":"publish","type":"post","link":"https:\/\/ameripharmaspecialty.com\/es\/other-health-conditions\/autoimmune-uveitis-understanding-the-eye-disorder-that-threatens-vision\/","title":{"rendered":"Uve\u00edtis autoinmune: comprender el trastorno ocular que amenaza la visi\u00f3n"},"content":{"rendered":"<p>La uve\u00edtis autoinmune es una enfermedad ocular inflamatoria que se produce como resultado de un mal funcionamiento del sistema inmunitario. Esta afecci\u00f3n autoinmune causa inflamaci\u00f3n dentro del ojo, espec\u00edficamente en la \u00favea o tracto uveal, que es la capa media del ojo y proporciona irrigaci\u00f3n sangu\u00ednea a la retina.<\/p>\n\n\n\n<div  id=\"call-to-action-b5fdc5eddb567cf2ae3dd9650cad44ee\" style=\"\" class=\"ct_call_to_action\">\n\t<div class=\"container\">\n\t\t<div class=\"block-wrap cta\">\n\t\t\t<div class=\"block-column\">\n\t\t\t\t<div class=\"cta_headings\">\n\t\t\t\t\t\t\t\t\t\t\t<h4 class=\"cta__heading\">\n\t\t\t\t\t\t\tHable con un especialista sobre la asistencia con los copagos\t\t\t\t\t\t<\/h4>\n\t\t\t\t\t\t\t\t\t\t\t\t\t\t<\/div>\n\t\t\t\t\t\t\t\t\t<span class=\"cta_btn\">\n\t\t\t\t\t\t<a href=\"tel:8777780318\">(877) 778-0318<\/a>\n\t\t\t\t\t\t\t\t\t\t\t<\/span>\n\t\t\t\t\t\t\t<\/div>\n\n\t\t<\/div>\n\t<\/div>\n<\/div>\n\n\n\n<p>Aunque la condici\u00f3n es rara, se clasifica como la&nbsp;<a href=\"https:\/\/ojrd.biomedcentral.com\/articles\/10.1186\/1750-1172-7-57\">cuarta causa m\u00e1s frecuente de ceguera<\/a>&nbsp;entre los j\u00f3venes de los pa\u00edses desarrollados. Aproximadamente&nbsp;<a href=\"https:\/\/www.ncbi.nlm.nih.gov\/pmc\/articles\/PMC5904090\/\">30.000 nuevos casos de ceguera legal<\/a>&nbsp;Se cree que surgen de la uve\u00edtis anualmente en los EE. UU.<\/p>\n\n\n\n<p>La uve\u00edtis autoinmune no es una enfermedad grave, pero podr\u00eda poner en peligro la visi\u00f3n si no se diagnostica y se trata a tiempo.<\/p>\n\n\n\n<p>Este art\u00edculo analiza los conceptos b\u00e1sicos de la uve\u00edtis autoinmune, incluidas sus causas, tipos, factores de riesgo, s\u00edntomas, diagn\u00f3stico y estrategias de tratamiento.<\/p>\n\n\n\n<div id=\"ez-toc-container\" class=\"ez-toc-v2_0_82_2 counter-hierarchy ez-toc-counter ez-toc-custom ez-toc-container-direction\">\n<div class=\"ez-toc-title-container\">\n<span class=\"ez-toc-title-toggle\"><a href=\"#\" class=\"ez-toc-pull-right ez-toc-btn ez-toc-btn-xs ez-toc-btn-default ez-toc-toggle\" aria-label=\"Alternar tabla de contenido\"><span class=\"ez-toc-js-icon-con\"><span class=\"\"><span class=\"eztoc-hide\" style=\"display:none;\">Palanca<\/span><span class=\"ez-toc-icon-toggle-span\"><svg style=\"fill: #999;color:#999\" xmlns=\"http:\/\/www.w3.org\/2000\/svg\" class=\"list-377408\" width=\"20px\" height=\"20px\" viewbox=\"0 0 24 24\" fill=\"none\"><path d=\"M6 6H4v2h2V6zm14 0H8v2h12V6zM4 11h2v2H4v-2zm16 0H8v2h12v-2zM4 16h2v2H4v-2zm16 0H8v2h12v-2z\" fill=\"currentColor\"><\/path><\/svg><svg style=\"fill: #999;color:#999\" class=\"arrow-unsorted-368013\" xmlns=\"http:\/\/www.w3.org\/2000\/svg\" width=\"10px\" height=\"10px\" viewbox=\"0 0 24 24\" version=\"1.2\" baseprofile=\"tiny\"><path d=\"M18.2 9.3l-6.2-6.3-6.2 6.3c-.2.2-.3.4-.3.7s.1.5.3.7c.2.2.4.3.7.3h11c.3 0 .5-.1.7-.3.2-.2.3-.5.3-.7s-.1-.5-.3-.7zM5.8 14.7l6.2 6.3 6.2-6.3c.2-.2.3-.5.3-.7s-.1-.5-.3-.7c-.2-.2-.4-.3-.7-.3h-11c-.3 0-.5.1-.7.3-.2.2-.3.5-.3.7s.1.5.3.7z\"\/><\/svg><\/span><\/span><\/span><\/a><\/span><\/div>\n<nav><ul class='ez-toc-list ez-toc-list-level-1' ><li class='ez-toc-page-1 ez-toc-heading-level-2'><a class=\"ez-toc-link ez-toc-heading-1\" href=\"https:\/\/ameripharmaspecialty.com\/es\/other-health-conditions\/autoimmune-uveitis-understanding-the-eye-disorder-that-threatens-vision\/#Basics_of_Autoimmune_Uveitis_and_Its_Types\" >Conceptos b\u00e1sicos de la uve\u00edtis autoinmune y sus tipos<\/a><ul class='ez-toc-list-level-3' ><li class='ez-toc-heading-level-3'><a class=\"ez-toc-link ez-toc-heading-2\" href=\"https:\/\/ameripharmaspecialty.com\/es\/other-health-conditions\/autoimmune-uveitis-understanding-the-eye-disorder-that-threatens-vision\/#Anterior_Uveitis\" >Uve\u00edtis anterior<\/a><\/li><li class='ez-toc-page-1 ez-toc-heading-level-3'><a class=\"ez-toc-link ez-toc-heading-3\" href=\"https:\/\/ameripharmaspecialty.com\/es\/other-health-conditions\/autoimmune-uveitis-understanding-the-eye-disorder-that-threatens-vision\/#Posterior_Uveitis\" >Uve\u00edtis posterior<\/a><\/li><li class='ez-toc-page-1 ez-toc-heading-level-3'><a class=\"ez-toc-link ez-toc-heading-4\" href=\"https:\/\/ameripharmaspecialty.com\/es\/other-health-conditions\/autoimmune-uveitis-understanding-the-eye-disorder-that-threatens-vision\/#Intermediate_Uveitis\" >Uve\u00edtis intermedia<\/a><\/li><li class='ez-toc-page-1 ez-toc-heading-level-3'><a class=\"ez-toc-link ez-toc-heading-5\" href=\"https:\/\/ameripharmaspecialty.com\/es\/other-health-conditions\/autoimmune-uveitis-understanding-the-eye-disorder-that-threatens-vision\/#Pan-Uveitis\" >Panuve\u00edtis<\/a><\/li><\/ul><\/li><li class='ez-toc-page-1 ez-toc-heading-level-2'><a class=\"ez-toc-link ez-toc-heading-6\" href=\"https:\/\/ameripharmaspecialty.com\/es\/other-health-conditions\/autoimmune-uveitis-understanding-the-eye-disorder-that-threatens-vision\/#What_Are_the_Common_Signs_and_Symptoms\" >\u00bfCu\u00e1les son los signos y s\u00edntomas comunes?<\/a><\/li><li class='ez-toc-page-1 ez-toc-heading-level-2'><a class=\"ez-toc-link ez-toc-heading-7\" href=\"https:\/\/ameripharmaspecialty.com\/es\/other-health-conditions\/autoimmune-uveitis-understanding-the-eye-disorder-that-threatens-vision\/#What_Causes_Autoimmune_Uveitis\" >\u00bfQu\u00e9 causa la uve\u00edtis autoinmune?<\/a><\/li><li class='ez-toc-page-1 ez-toc-heading-level-2'><a class=\"ez-toc-link ez-toc-heading-8\" href=\"https:\/\/ameripharmaspecialty.com\/es\/other-health-conditions\/autoimmune-uveitis-understanding-the-eye-disorder-that-threatens-vision\/#What_Are_the_Risk_Factors_for_Autoimmune_Uveitis\" >\u00bfCu\u00e1les son los factores de riesgo de la uve\u00edtis autoinmune?<\/a><\/li><li class='ez-toc-page-1 ez-toc-heading-level-2'><a class=\"ez-toc-link ez-toc-heading-9\" href=\"https:\/\/ameripharmaspecialty.com\/es\/other-health-conditions\/autoimmune-uveitis-understanding-the-eye-disorder-that-threatens-vision\/#Diagnosis\" >Diagn\u00f3stico<\/a><\/li><li class='ez-toc-page-1 ez-toc-heading-level-2'><a class=\"ez-toc-link ez-toc-heading-10\" href=\"https:\/\/ameripharmaspecialty.com\/es\/other-health-conditions\/autoimmune-uveitis-understanding-the-eye-disorder-that-threatens-vision\/#How_Is_Autoimmune_Uveitis_Treated\" >\u00bfC\u00f3mo se trata la uve\u00edtis autoinmune?<\/a><\/li><li class='ez-toc-page-1 ez-toc-heading-level-2'><a class=\"ez-toc-link ez-toc-heading-11\" href=\"https:\/\/ameripharmaspecialty.com\/es\/other-health-conditions\/autoimmune-uveitis-understanding-the-eye-disorder-that-threatens-vision\/#Conclusion\" >Conclusi\u00f3n<\/a><\/li><\/ul><\/nav><\/div>\n<h2 class=\"wp-block-heading\"><span class=\"ez-toc-section\" id=\"Basics_of_Autoimmune_Uveitis_and_Its_Types\"><\/span>Conceptos b\u00e1sicos de la uve\u00edtis autoinmune y sus tipos<span class=\"ez-toc-section-end\"><\/span><\/h2>\n\n\n\n<p>Los ojos son \u00f3rganos muy sensibles que pueden verse afectados por factores internos (ataque inmunitario) o externos (f\u00e1rmacos\/toxinas). En la uve\u00edtis autoinmunitaria, el sistema inmunitario se vuelve hiperactivo o presenta un mal funcionamiento, lo que provoca que ataque (inicie una respuesta inflamatoria) la \u00favea ocular al confundirla con un objeto extra\u00f1o o una amenaza. Esta respuesta provoca la liberaci\u00f3n de mediadores inflamatorios espec\u00edficos (o mol\u00e9culas) que causan inflamaci\u00f3n ocular.<\/p>\n\n\n\n<p>La inflamaci\u00f3n tambi\u00e9n puede afectar otras zonas del ojo. La uve\u00edtis se clasifica en cuatro tipos principales:<\/p>\n\n\n\n<h3 class=\"wp-block-heading\"><span class=\"ez-toc-section\" id=\"Anterior_Uveitis\"><\/span><span id=\"Anterior_Uveitis\" class=\"ez-toc-section\"><\/span>Uve\u00edtis anterior<span class=\"ez-toc-section-end\"><\/span><\/h3>\n\n\n\n<p>La uve\u00edtis anterior es la forma m\u00e1s com\u00fan de uve\u00edtis que se observa en personas sanas. En este tipo, la inflamaci\u00f3n se produce en la parte frontal del ojo y causa enrojecimiento y dolor. Se le suele llamar &quot;iritis&quot; porque afecta al iris, la parte coloreada del ojo.<\/p>\n\n\n\n<h3 class=\"wp-block-heading\"><span class=\"ez-toc-section\" id=\"Posterior_Uveitis\"><\/span><span id=\"Posterior_Uveitis\" class=\"ez-toc-section\"><\/span>Uve\u00edtis posterior<span class=\"ez-toc-section-end\"><\/span><\/h3>\n\n\n\n<p>En este tipo, la inflamaci\u00f3n se produce en la parte posterior del ojo, la coroides, por lo que tambi\u00e9n se denomina \u00abcoroiditis\u00bb. Las personas con infecciones (parasitarias, f\u00fangicas o virales) y trastornos autoinmunes son m\u00e1s propensas a desarrollar uve\u00edtis posterior.<\/p>\n\n\n\n<p>Aunque la uve\u00edtis posterior es la menos com\u00fan, es m\u00e1s grave que la anterior porque causa cicatrizaci\u00f3n en la retina, la capa celular que crea las im\u00e1genes. La uve\u00edtis posterior puede provocar p\u00e9rdida de visi\u00f3n.<\/p>\n\n\n\n<h3 class=\"wp-block-heading\"><span class=\"ez-toc-section\" id=\"Intermediate_Uveitis\"><\/span><span id=\"Intermediate_Uveitis\" class=\"ez-toc-section\"><\/span>Uve\u00edtis intermedia<span class=\"ez-toc-section-end\"><\/span><\/h3>\n\n\n\n<p>En la uve\u00edtis intermedia, la inflamaci\u00f3n se produce en la parte media del ojo (entre el iris y la coroides), llamada pars plana. Este tipo de uve\u00edtis puede causar miodesopsias y visi\u00f3n borrosa, y es principalmente com\u00fan en personas con esclerosis m\u00faltiple (EM).<\/p>\n\n\n\n<h3 class=\"wp-block-heading\"><span class=\"ez-toc-section\" id=\"Pan-Uveitis\"><\/span><span id=\"Pan-Uveitis\" class=\"ez-toc-section\"><\/span>Panuve\u00edtis<span class=\"ez-toc-section-end\"><\/span><\/h3>\n\n\n\n<p>Si la inflamaci\u00f3n se presenta en todas las partes principales del ojo, se denomina panuve\u00edtis. Las personas con panuve\u00edtis presentan una combinaci\u00f3n de s\u00edntomas de los otros tres tipos de uve\u00edtis.<\/p>\n\n\n\n<h2 class=\"wp-block-heading\"><span class=\"ez-toc-section\" id=\"What_Are_the_Common_Signs_and_Symptoms\"><\/span>\u00bfCu\u00e1les son los signos y s\u00edntomas comunes?<span class=\"ez-toc-section-end\"><\/span><\/h2>\n\n\n<div class=\"wp-block-image\">\n<figure class=\"alignright\"><img loading=\"lazy\" decoding=\"async\" width=\"420\" height=\"280\" src=\"https:\/\/ameripharmaspecialty.com\/wp-content\/uploads\/2024\/02\/headache-1.jpg\" alt=\"Young man with headache from autoimmune uveitis\" class=\"wp-image-23905\" srcset=\"https:\/\/ameripharmaspecialty.com\/wp-content\/uploads\/2024\/02\/headache-1.jpg 420w, https:\/\/ameripharmaspecialty.com\/wp-content\/uploads\/2024\/02\/headache-1-300x200.jpg 300w, https:\/\/ameripharmaspecialty.com\/wp-content\/uploads\/2024\/02\/headache-1-330x220.jpg 330w, https:\/\/ameripharmaspecialty.com\/wp-content\/uploads\/2024\/02\/headache-1-86x57.jpg 86w, https:\/\/ameripharmaspecialty.com\/wp-content\/uploads\/2024\/02\/headache-1-167x111.jpg 167w, https:\/\/ameripharmaspecialty.com\/wp-content\/uploads\/2024\/02\/headache-1-280x187.jpg 280w, https:\/\/ameripharmaspecialty.com\/wp-content\/uploads\/2024\/02\/headache-1-370x247.jpg 370w\" sizes=\"auto, (max-width: 420px) 100vw, 420px\" \/><\/figure>\n<\/div>\n\n\n<p>Los signos y s\u00edntomas comunes incluyen:<\/p>\n\n\n\n<ul class=\"wp-block-list\">\n<li>Hinchaz\u00f3n, enrojecimiento y dolor en el ojo.<\/li>\n\n\n\n<li>Visi\u00f3n borrosa<\/li>\n\n\n\n<li>Fotofobia (sensibilidad ocular a la luz brillante)<\/li>\n\n\n\n<li>Moscas volantes (manchas flotantes)<\/li>\n\n\n\n<li>Dolor de cabeza<\/li>\n\n\n\n<li>Conjuntiva inyectada (ojos inyectados en sangre)<\/li>\n<\/ul>\n\n\n\n<p>Estos s\u00edntomas pueden aparecer repentina o gradualmente en uno o ambos ojos en cuesti\u00f3n de d\u00edas. Por lo tanto, si experimenta alguno de los s\u00edntomas mencionados, contacte con su profesional de la salud inmediatamente.<\/p>\n\n\n\n<h2 class=\"wp-block-heading\"><span class=\"ez-toc-section\" id=\"What_Causes_Autoimmune_Uveitis\"><\/span>\u00bfQu\u00e9 causa la uve\u00edtis autoinmune?<span class=\"ez-toc-section-end\"><\/span><\/h2>\n\n\n\n<p><span style=\"font-weight: 400;\">La causa exacta de la uve\u00edtis autoinmune a\u00fan no est\u00e1 clara. Sin embargo, est\u00e1 altamente asociada con disfunci\u00f3n del sistema inmunitario, infecciones y lesiones.&nbsp;<\/span><\/p>\n\n\n\n<p><span style=\"font-weight: 400;\">En la mayor\u00eda de los casos, la uve\u00edtis autoinmune tambi\u00e9n es causada por varios trastornos autoinmunes y trastornos de inmunodeficiencia, entre ellos:<\/span><\/p>\n\n\n\n<ul class=\"wp-block-list\">\n<li><a href=\"https:\/\/ameripharmaspecialty.com\/es\/other-health-conditions\/ankylosing-spondylitis-causes-risks-diagnosis-and-treatment\/\"><span style=\"font-weight: 400;\">Espondiloartritis anquilosante<\/span><\/a><\/li>\n\n\n\n<li><span style=\"font-weight: 400;\">Artritis reumatoide<\/span><\/li>\n\n\n\n<li><a href=\"https:\/\/ameripharmaspecialty.com\/es\/multiple-sclerosis\/10-tips-for-living-with-multiple-sclerosis\/\"><span style=\"font-weight: 400;\">Esclerosis m\u00faltiple<\/span><\/a><\/li>\n\n\n\n<li><span style=\"font-weight: 400;\">S<\/span><span style=\"font-weight: 400;\">lupus eritematoso sist\u00e9mico\u00a0<\/span><\/li>\n\n\n\n<li><a href=\"https:\/\/ameripharmaspecialty.com\/es\/other-health-conditions\/living-with-crohns-disease-what-you-should-know\/\"><span style=\"font-weight: 400;\">enfermedad de Crohn<\/span><\/a><\/li>\n\n\n\n<li><span style=\"font-weight: 400;\">Soriasis<\/span><\/li>\n\n\n\n<li><span style=\"font-weight: 400;\">Colitis ulcerosa<\/span><\/li>\n\n\n\n<li><span style=\"font-weight: 400;\">Sarcoidosis<\/span><\/li>\n\n\n\n<li><span style=\"font-weight: 400;\">enfermedad de Kawasaki<\/span><\/li>\n<\/ul>\n\n\n\n<p><span style=\"font-weight: 400;\">Las infecciones bacterianas y virales son otra causa, que incluye:<\/span><\/p>\n\n\n\n<ul class=\"wp-block-list\">\n<li><span style=\"font-weight: 400;\">SIDA<\/span><\/li>\n\n\n\n<li><span style=\"font-weight: 400;\">Tuberculosis<\/span><\/li>\n\n\n\n<li><span style=\"font-weight: 400;\">S\u00edfilis<\/span><\/li>\n\n\n\n<li><span style=\"font-weight: 400;\">Herpes<\/span><\/li>\n\n\n\n<li><span style=\"font-weight: 400;\">Virus del Nilo Occidental<\/span><\/li>\n\n\n\n<li><span style=\"font-weight: 400;\">retinitis por CMV<\/span><\/li>\n\n\n\n<li><span style=\"font-weight: 400;\">Toxoplasmosis e histoplasmosis<\/span><\/li>\n<\/ul>\n\n\n\n<p><span style=\"font-weight: 400;\">Con menor frecuencia, la uve\u00edtis autoinmune tambi\u00e9n puede ser causada por traumatismos, lesiones y ciertas toxinas.<\/span><\/p>\n\n\n\n<h2 class=\"wp-block-heading\"><span class=\"ez-toc-section\" id=\"What_Are_the_Risk_Factors_for_Autoimmune_Uveitis\"><\/span>\u00bfCu\u00e1les son los factores de riesgo de la uve\u00edtis autoinmune?<span class=\"ez-toc-section-end\"><\/span><\/h2>\n\n\n\n<p><span style=\"font-weight: 400;\">Los siguientes son factores de riesgo comunes que aumentan la probabilidad de desarrollar uve\u00edtis autoinmune:<\/span><\/p>\n\n\n\n<ul class=\"wp-block-list\">\n<li><span style=\"font-weight: 400;\">De fumar<\/span><\/li>\n\n\n\n<li><span style=\"font-weight: 400;\">G\u00e9nero (la uve\u00edtis es <\/span><a href=\"https:\/\/www.ncbi.nlm.nih.gov\/books\/NBK459445\/#:~:text=Autoimmune%20uveitis%20is%20a%20prevalent,and%20patient%20symptoms%20are%20essential.\"><span style=\"font-weight: 400;\">m\u00e1s com\u00fan en mujeres<\/span><\/a><span style=\"font-weight: 400;\"> que los hombres)<\/span><\/li>\n\n\n\n<li><span style=\"font-weight: 400;\">Enfermedades subyacentes como trastornos autoinmunes<\/span><\/li>\n\n\n\n<li><span style=\"font-weight: 400;\">Infecciones<\/span><\/li>\n\n\n\n<li><span style=\"font-weight: 400;\">Gen\u00e9tica (presencia de HLA-B27)<\/span><\/li>\n<\/ul>\n\n\n\n<h2 class=\"wp-block-heading\"><span class=\"ez-toc-section\" id=\"Diagnosis\"><\/span>Diagn\u00f3stico<span class=\"ez-toc-section-end\"><\/span><\/h2>\n\n\n\n<p><span style=\"font-weight: 400;\">El diagn\u00f3stico de la uve\u00edtis autoinmune es sencillo y suele ser realizado por un oftalm\u00f3logo (especialista en ojos). Este especialista realiza una prueba de dilataci\u00f3n ocular para diagnosticar la uve\u00edtis.<\/span><\/p>\n\n\n\n<p><span style=\"font-weight: 400;\">Adem\u00e1s, un oftalm\u00f3logo tambi\u00e9n revisa el historial m\u00e9dico del paciente para comprobar si una enfermedad subyacente, como un trastorno autoinmune o una infecci\u00f3n, est\u00e1 causando esta uve\u00edtis.&nbsp;<\/span><\/p>\n\n\n\n<h2 class=\"wp-block-heading\"><span class=\"ez-toc-section\" id=\"How_Is_Autoimmune_Uveitis_Treated\"><\/span>\u00bfC\u00f3mo se trata la uve\u00edtis autoinmune?<span class=\"ez-toc-section-end\"><\/span><\/h2>\n\n\n\n<p>Los profesionales de la salud suelen recetar esteroides, que constituyen el tratamiento de primera l\u00ednea. Los esteroides se presentan en diversas presentaciones, como gotas oft\u00e1lmicas, pastillas, inyecciones intravenosas, inyecciones en el \u00e1rea ocular o alrededor de ella, e implantes oculares (que administran el medicamento en peque\u00f1as dosis). Los esteroides act\u00faan reduciendo la inflamaci\u00f3n ocular, aliviando el dolor y previniendo el riesgo de p\u00e9rdida de visi\u00f3n.<\/p>\n\n\n\n<p>En algunos casos tambi\u00e9n se prescribe medicaci\u00f3n sist\u00e9mica para controlar el sistema inmunitario, controlando as\u00ed la uve\u00edtis a largo plazo.<\/p>\n\n\n\n<p>Sin embargo, si la uve\u00edtis autoinmune se produce debido a una enfermedad subyacente, el tratamiento temprano de la enfermedad subyacente curar\u00e1 autom\u00e1ticamente la uve\u00edtis.<\/p>\n\n\n\n<h2 class=\"wp-block-heading\"><span class=\"ez-toc-section\" id=\"Conclusion\"><\/span><span id=\"Conclusion\" class=\"ez-toc-section\"><\/span>Conclusi\u00f3n<span class=\"ez-toc-section-end\"><\/span><\/h2>\n\n\n\n<p>La uve\u00edtis autoinmune es una enfermedad compleja que puede afectar la visi\u00f3n y se caracteriza por la inflamaci\u00f3n de la \u00favea, la capa media del ojo. Esta afecci\u00f3n puede causar p\u00e9rdida de visi\u00f3n si no se trata a tiempo. Sin embargo, un diagn\u00f3stico temprano y un plan de tratamiento preciso pueden tratar la afecci\u00f3n eficazmente y prevenir el riesgo de p\u00e9rdida de visi\u00f3n.<\/p>","protected":false},"excerpt":{"rendered":"<p>La uve\u00edtis autoinmune es una enfermedad ocular inflamatoria que se produce como resultado de un mal funcionamiento del sistema inmunitario. Esta afecci\u00f3n autoinmune causa inflamaci\u00f3n dentro del ojo, espec\u00edficamente en la \u00favea o tracto uveal, que es la capa media del ojo y proporciona irrigaci\u00f3n sangu\u00ednea a la retina.<\/p>","protected":false},"author":26,"featured_media":23903,"comment_status":"closed","ping_status":"closed","sticky":false,"template":"","format":"standard","meta":{"_acf_changed":true,"om_disable_all_campaigns":false,"_uag_custom_page_level_css":"","footnotes":""},"categories":[4],"tags":[32],"class_list":["post-23902","post","type-post","status-publish","format-standard","has-post-thumbnail","hentry","category-other-health-conditions","tag-dr-robert-hakim"],"acf":[],"yoast_head":"<!-- This site is optimized with the Yoast SEO plugin v27.5 - https:\/\/yoast.com\/product\/yoast-seo-wordpress\/ -->\n<title>Autoimmune Uveitis: Understanding the Eye Disorder That Threatens Vision<\/title>\n<meta name=\"description\" content=\"Learn about autoimmune uveitis and how it can threaten vision. Topics include types of autoimmune uveitis, symptoms, and treatments.\" \/>\n<meta name=\"robots\" content=\"index, follow, max-snippet:-1, max-image-preview:large, max-video-preview:-1\" \/>\n<link rel=\"canonical\" href=\"https:\/\/ameripharmaspecialty.com\/es\/other-health-conditions\/autoimmune-uveitis-understanding-the-eye-disorder-that-threatens-vision\/\" \/>\n<meta property=\"og:locale\" content=\"es_MX\" \/>\n<meta property=\"og:type\" content=\"article\" \/>\n<meta property=\"og:title\" content=\"Autoimmune Uveitis: Understanding the Eye Disorder That Threatens Vision\" \/>\n<meta property=\"og:description\" content=\"Learn about autoimmune uveitis and how it can threaten vision. Topics include types of autoimmune uveitis, symptoms, and treatments.\" \/>\n<meta property=\"og:url\" content=\"https:\/\/ameripharmaspecialty.com\/es\/other-health-conditions\/autoimmune-uveitis-understanding-the-eye-disorder-that-threatens-vision\/\" \/>\n<meta property=\"og:site_name\" content=\"AmeriPharma\u00ae Specialty Care\" \/>\n<meta property=\"article:publisher\" content=\"https:\/\/www.facebook.com\/ameripharma\/\" \/>\n<meta property=\"article:published_time\" content=\"2024-02-20T19:56:40+00:00\" \/>\n<meta property=\"article:modified_time\" content=\"2024-07-09T23:03:20+00:00\" \/>\n<meta property=\"og:image\" content=\"https:\/\/ameripharmaspecialty.com\/wp-content\/uploads\/2024\/02\/autoimmune-uveitis.jpg\" \/>\n\t<meta property=\"og:image:width\" content=\"1280\" \/>\n\t<meta property=\"og:image:height\" content=\"853\" \/>\n\t<meta property=\"og:image:type\" content=\"image\/jpeg\" \/>\n<meta name=\"author\" content=\"Dr. Robert Hakim, PharmD\" \/>\n<meta name=\"twitter:card\" content=\"summary_large_image\" \/>\n<meta name=\"twitter:label1\" content=\"Written by\" \/>\n\t<meta name=\"twitter:data1\" content=\"Dr. Robert Hakim, PharmD\" \/>\n\t<meta name=\"twitter:label2\" content=\"Est. reading time\" \/>\n\t<meta name=\"twitter:data2\" content=\"4 minutos\" \/>\n<script type=\"application\/ld+json\" class=\"yoast-schema-graph\">{\"@context\":\"https:\\\/\\\/schema.org\",\"@graph\":[{\"@type\":\"Article\",\"@id\":\"https:\\\/\\\/ameripharmaspecialty.com\\\/zh\\\/other-health-conditions\\\/autoimmune-uveitis-understanding-the-eye-disorder-that-threatens-vision\\\/#article\",\"isPartOf\":{\"@id\":\"https:\\\/\\\/ameripharmaspecialty.com\\\/zh\\\/other-health-conditions\\\/autoimmune-uveitis-understanding-the-eye-disorder-that-threatens-vision\\\/\"},\"author\":{\"name\":\"Dr. Robert Hakim, PharmD\",\"@id\":\"https:\\\/\\\/ameripharmaspecialty.com\\\/es\\\/#\\\/schema\\\/person\\\/234280933b6e0dcaf47c0c1f40a59759\"},\"headline\":\"Autoimmune Uveitis: Understanding the Eye Disorder That Threatens Vision\",\"datePublished\":\"2024-02-20T19:56:40+00:00\",\"dateModified\":\"2024-07-09T23:03:20+00:00\",\"mainEntityOfPage\":{\"@id\":\"https:\\\/\\\/ameripharmaspecialty.com\\\/zh\\\/other-health-conditions\\\/autoimmune-uveitis-understanding-the-eye-disorder-that-threatens-vision\\\/\"},\"wordCount\":855,\"publisher\":{\"@id\":\"https:\\\/\\\/ameripharmaspecialty.com\\\/es\\\/#organization\"},\"image\":{\"@id\":\"https:\\\/\\\/ameripharmaspecialty.com\\\/zh\\\/other-health-conditions\\\/autoimmune-uveitis-understanding-the-eye-disorder-that-threatens-vision\\\/#primaryimage\"},\"thumbnailUrl\":\"https:\\\/\\\/ameripharmaspecialty.com\\\/wp-content\\\/uploads\\\/2024\\\/02\\\/autoimmune-uveitis.jpg\",\"keywords\":[\"Dr. Robert Hakim\"],\"articleSection\":[\"Other Health Conditions\"],\"inLanguage\":\"es\"},{\"@type\":\"WebPage\",\"@id\":\"https:\\\/\\\/ameripharmaspecialty.com\\\/zh\\\/other-health-conditions\\\/autoimmune-uveitis-understanding-the-eye-disorder-that-threatens-vision\\\/\",\"url\":\"https:\\\/\\\/ameripharmaspecialty.com\\\/zh\\\/other-health-conditions\\\/autoimmune-uveitis-understanding-the-eye-disorder-that-threatens-vision\\\/\",\"name\":\"Autoimmune Uveitis: Understanding the Eye Disorder That Threatens Vision\",\"isPartOf\":{\"@id\":\"https:\\\/\\\/ameripharmaspecialty.com\\\/es\\\/#website\"},\"primaryImageOfPage\":{\"@id\":\"https:\\\/\\\/ameripharmaspecialty.com\\\/zh\\\/other-health-conditions\\\/autoimmune-uveitis-understanding-the-eye-disorder-that-threatens-vision\\\/#primaryimage\"},\"image\":{\"@id\":\"https:\\\/\\\/ameripharmaspecialty.com\\\/zh\\\/other-health-conditions\\\/autoimmune-uveitis-understanding-the-eye-disorder-that-threatens-vision\\\/#primaryimage\"},\"thumbnailUrl\":\"https:\\\/\\\/ameripharmaspecialty.com\\\/wp-content\\\/uploads\\\/2024\\\/02\\\/autoimmune-uveitis.jpg\",\"datePublished\":\"2024-02-20T19:56:40+00:00\",\"dateModified\":\"2024-07-09T23:03:20+00:00\",\"description\":\"Learn about autoimmune uveitis and how it can threaten vision. Topics include types of autoimmune uveitis, symptoms, and treatments.\",\"breadcrumb\":{\"@id\":\"https:\\\/\\\/ameripharmaspecialty.com\\\/zh\\\/other-health-conditions\\\/autoimmune-uveitis-understanding-the-eye-disorder-that-threatens-vision\\\/#breadcrumb\"},\"inLanguage\":\"es\",\"potentialAction\":[{\"@type\":\"ReadAction\",\"target\":[\"https:\\\/\\\/ameripharmaspecialty.com\\\/zh\\\/other-health-conditions\\\/autoimmune-uveitis-understanding-the-eye-disorder-that-threatens-vision\\\/\"]}]},{\"@type\":\"ImageObject\",\"inLanguage\":\"es\",\"@id\":\"https:\\\/\\\/ameripharmaspecialty.com\\\/zh\\\/other-health-conditions\\\/autoimmune-uveitis-understanding-the-eye-disorder-that-threatens-vision\\\/#primaryimage\",\"url\":\"https:\\\/\\\/ameripharmaspecialty.com\\\/wp-content\\\/uploads\\\/2024\\\/02\\\/autoimmune-uveitis.jpg\",\"contentUrl\":\"https:\\\/\\\/ameripharmaspecialty.com\\\/wp-content\\\/uploads\\\/2024\\\/02\\\/autoimmune-uveitis.jpg\",\"width\":1280,\"height\":853,\"caption\":\"Young woman putting eye drops at home\"},{\"@type\":\"BreadcrumbList\",\"@id\":\"https:\\\/\\\/ameripharmaspecialty.com\\\/zh\\\/other-health-conditions\\\/autoimmune-uveitis-understanding-the-eye-disorder-that-threatens-vision\\\/#breadcrumb\",\"itemListElement\":[{\"@type\":\"ListItem\",\"position\":1,\"name\":\"Home\",\"item\":\"https:\\\/\\\/ameripharmaspecialty.com\\\/zh\\\/\"},{\"@type\":\"ListItem\",\"position\":2,\"name\":\"Autoimmune Uveitis: Understanding the Eye Disorder That Threatens Vision\"}]},{\"@type\":\"WebSite\",\"@id\":\"https:\\\/\\\/ameripharmaspecialty.com\\\/es\\\/#website\",\"url\":\"https:\\\/\\\/ameripharmaspecialty.com\\\/es\\\/\",\"name\":\"AmeriPharma\u00ae Specialty Care\",\"description\":\"Specialty Care by AmeriPharma\",\"publisher\":{\"@id\":\"https:\\\/\\\/ameripharmaspecialty.com\\\/es\\\/#organization\"},\"potentialAction\":[{\"@type\":\"SearchAction\",\"target\":{\"@type\":\"EntryPoint\",\"urlTemplate\":\"https:\\\/\\\/ameripharmaspecialty.com\\\/es\\\/?s={search_term_string}\"},\"query-input\":{\"@type\":\"PropertyValueSpecification\",\"valueRequired\":true,\"valueName\":\"search_term_string\"}}],\"inLanguage\":\"es\"},{\"@type\":\"Organization\",\"@id\":\"https:\\\/\\\/ameripharmaspecialty.com\\\/es\\\/#organization\",\"name\":\"Ameripharma Specialty Care\",\"url\":\"https:\\\/\\\/ameripharmaspecialty.com\\\/es\\\/\",\"logo\":{\"@type\":\"ImageObject\",\"inLanguage\":\"es\",\"@id\":\"https:\\\/\\\/ameripharmaspecialty.com\\\/es\\\/#\\\/schema\\\/logo\\\/image\\\/\",\"url\":\"https:\\\/\\\/ameripharmaspecialty.com\\\/wp-content\\\/uploads\\\/2024\\\/07\\\/specialty-care-logo-large-square.png\",\"contentUrl\":\"https:\\\/\\\/ameripharmaspecialty.com\\\/wp-content\\\/uploads\\\/2024\\\/07\\\/specialty-care-logo-large-square.png\",\"width\":400,\"height\":400,\"caption\":\"Ameripharma Specialty Care\"},\"image\":{\"@id\":\"https:\\\/\\\/ameripharmaspecialty.com\\\/es\\\/#\\\/schema\\\/logo\\\/image\\\/\"},\"sameAs\":[\"https:\\\/\\\/www.facebook.com\\\/ameripharma\\\/\"]},{\"@type\":\"Person\",\"@id\":\"https:\\\/\\\/ameripharmaspecialty.com\\\/es\\\/#\\\/schema\\\/person\\\/234280933b6e0dcaf47c0c1f40a59759\",\"name\":\"Dr. Robert Hakim, PharmD\",\"image\":{\"@type\":\"ImageObject\",\"inLanguage\":\"es\",\"@id\":\"https:\\\/\\\/secure.gravatar.com\\\/avatar\\\/1ce5316336fea18759f2cf91c9f6269796c7cb578013d4d04c78cb734056a87d?s=96&d=mm&r=g\",\"url\":\"https:\\\/\\\/secure.gravatar.com\\\/avatar\\\/1ce5316336fea18759f2cf91c9f6269796c7cb578013d4d04c78cb734056a87d?s=96&d=mm&r=g\",\"contentUrl\":\"https:\\\/\\\/secure.gravatar.com\\\/avatar\\\/1ce5316336fea18759f2cf91c9f6269796c7cb578013d4d04c78cb734056a87d?s=96&d=mm&r=g\",\"caption\":\"Dr. Robert Hakim, PharmD\"},\"description\":\"Dr. Robert Chad Hakim, PharmD, was born and raised in Northridge, CA. He received his pharmacy degree from the University of Wisconsin-Madison School of Pharmacy. The most rewarding part of his job is taking initiative to advance clinical programs that maximize impact on patient care. He has a board certification in critical care (BCCCP), and his areas of expertise are critical care, drug information, general medicine, and cardiology. In his free time, he enjoys traveling.\u00a0\",\"url\":\"https:\\\/\\\/ameripharmaspecialty.com\\\/es\\\/author\\\/robert-hakim\\\/\"}]}<\/script>\n<!-- \/ Yoast SEO plugin. -->","yoast_head_json":{"title":"Uve\u00edtis autoinmune: comprender el trastorno ocular que amenaza la visi\u00f3n","description":"Aprenda sobre la uve\u00edtis autoinmune y c\u00f3mo puede afectar la visi\u00f3n. Los temas incluyen los tipos de uve\u00edtis autoinmune, sus s\u00edntomas y tratamientos.","robots":{"index":"index","follow":"follow","max-snippet":"max-snippet:-1","max-image-preview":"max-image-preview:large","max-video-preview":"max-video-preview:-1"},"canonical":"https:\/\/ameripharmaspecialty.com\/es\/other-health-conditions\/autoimmune-uveitis-understanding-the-eye-disorder-that-threatens-vision\/","og_locale":"es_MX","og_type":"article","og_title":"Autoimmune Uveitis: Understanding the Eye Disorder That Threatens Vision","og_description":"Learn about autoimmune uveitis and how it can threaten vision. Topics include types of autoimmune uveitis, symptoms, and treatments.","og_url":"https:\/\/ameripharmaspecialty.com\/es\/other-health-conditions\/autoimmune-uveitis-understanding-the-eye-disorder-that-threatens-vision\/","og_site_name":"AmeriPharma\u00ae Specialty Care","article_publisher":"https:\/\/www.facebook.com\/ameripharma\/","article_published_time":"2024-02-20T19:56:40+00:00","article_modified_time":"2024-07-09T23:03:20+00:00","og_image":[{"width":1280,"height":853,"url":"https:\/\/ameripharmaspecialty.com\/wp-content\/uploads\/2024\/02\/autoimmune-uveitis.jpg","type":"image\/jpeg"}],"author":"Dr. Robert Hakim, PharmD","twitter_card":"summary_large_image","twitter_misc":{"Written by":"Dr. Robert Hakim, PharmD","Est. reading time":"4 minutos"},"schema":{"@context":"https:\/\/schema.org","@graph":[{"@type":"Article","@id":"https:\/\/ameripharmaspecialty.com\/zh\/other-health-conditions\/autoimmune-uveitis-understanding-the-eye-disorder-that-threatens-vision\/#article","isPartOf":{"@id":"https:\/\/ameripharmaspecialty.com\/zh\/other-health-conditions\/autoimmune-uveitis-understanding-the-eye-disorder-that-threatens-vision\/"},"author":{"name":"Dr. Robert Hakim, PharmD","@id":"https:\/\/ameripharmaspecialty.com\/es\/#\/schema\/person\/234280933b6e0dcaf47c0c1f40a59759"},"headline":"Autoimmune Uveitis: Understanding the Eye Disorder That Threatens Vision","datePublished":"2024-02-20T19:56:40+00:00","dateModified":"2024-07-09T23:03:20+00:00","mainEntityOfPage":{"@id":"https:\/\/ameripharmaspecialty.com\/zh\/other-health-conditions\/autoimmune-uveitis-understanding-the-eye-disorder-that-threatens-vision\/"},"wordCount":855,"publisher":{"@id":"https:\/\/ameripharmaspecialty.com\/es\/#organization"},"image":{"@id":"https:\/\/ameripharmaspecialty.com\/zh\/other-health-conditions\/autoimmune-uveitis-understanding-the-eye-disorder-that-threatens-vision\/#primaryimage"},"thumbnailUrl":"https:\/\/ameripharmaspecialty.com\/wp-content\/uploads\/2024\/02\/autoimmune-uveitis.jpg","keywords":["Dr. Robert Hakim"],"articleSection":["Other Health Conditions"],"inLanguage":"es"},{"@type":"WebPage","@id":"https:\/\/ameripharmaspecialty.com\/zh\/other-health-conditions\/autoimmune-uveitis-understanding-the-eye-disorder-that-threatens-vision\/","url":"https:\/\/ameripharmaspecialty.com\/zh\/other-health-conditions\/autoimmune-uveitis-understanding-the-eye-disorder-that-threatens-vision\/","name":"Uve\u00edtis autoinmune: comprender el trastorno ocular que amenaza la visi\u00f3n","isPartOf":{"@id":"https:\/\/ameripharmaspecialty.com\/es\/#website"},"primaryImageOfPage":{"@id":"https:\/\/ameripharmaspecialty.com\/zh\/other-health-conditions\/autoimmune-uveitis-understanding-the-eye-disorder-that-threatens-vision\/#primaryimage"},"image":{"@id":"https:\/\/ameripharmaspecialty.com\/zh\/other-health-conditions\/autoimmune-uveitis-understanding-the-eye-disorder-that-threatens-vision\/#primaryimage"},"thumbnailUrl":"https:\/\/ameripharmaspecialty.com\/wp-content\/uploads\/2024\/02\/autoimmune-uveitis.jpg","datePublished":"2024-02-20T19:56:40+00:00","dateModified":"2024-07-09T23:03:20+00:00","description":"Aprenda sobre la uve\u00edtis autoinmune y c\u00f3mo puede afectar la visi\u00f3n. Los temas incluyen los tipos de uve\u00edtis autoinmune, sus s\u00edntomas y tratamientos.","breadcrumb":{"@id":"https:\/\/ameripharmaspecialty.com\/zh\/other-health-conditions\/autoimmune-uveitis-understanding-the-eye-disorder-that-threatens-vision\/#breadcrumb"},"inLanguage":"es","potentialAction":[{"@type":"ReadAction","target":["https:\/\/ameripharmaspecialty.com\/zh\/other-health-conditions\/autoimmune-uveitis-understanding-the-eye-disorder-that-threatens-vision\/"]}]},{"@type":"ImageObject","inLanguage":"es","@id":"https:\/\/ameripharmaspecialty.com\/zh\/other-health-conditions\/autoimmune-uveitis-understanding-the-eye-disorder-that-threatens-vision\/#primaryimage","url":"https:\/\/ameripharmaspecialty.com\/wp-content\/uploads\/2024\/02\/autoimmune-uveitis.jpg","contentUrl":"https:\/\/ameripharmaspecialty.com\/wp-content\/uploads\/2024\/02\/autoimmune-uveitis.jpg","width":1280,"height":853,"caption":"Young woman putting eye drops at home"},{"@type":"BreadcrumbList","@id":"https:\/\/ameripharmaspecialty.com\/zh\/other-health-conditions\/autoimmune-uveitis-understanding-the-eye-disorder-that-threatens-vision\/#breadcrumb","itemListElement":[{"@type":"ListItem","position":1,"name":"Home","item":"https:\/\/ameripharmaspecialty.com\/zh\/"},{"@type":"ListItem","position":2,"name":"Autoimmune Uveitis: Understanding the Eye Disorder That Threatens Vision"}]},{"@type":"WebSite","@id":"https:\/\/ameripharmaspecialty.com\/es\/#website","url":"https:\/\/ameripharmaspecialty.com\/es\/","name":"Cuidado especializado AmeriPharma\u00ae","description":"Atenci\u00f3n especializada por AmeriPharma","publisher":{"@id":"https:\/\/ameripharmaspecialty.com\/es\/#organization"},"potentialAction":[{"@type":"SearchAction","target":{"@type":"EntryPoint","urlTemplate":"https:\/\/ameripharmaspecialty.com\/es\/?s={search_term_string}"},"query-input":{"@type":"PropertyValueSpecification","valueRequired":true,"valueName":"search_term_string"}}],"inLanguage":"es"},{"@type":"Organization","@id":"https:\/\/ameripharmaspecialty.com\/es\/#organization","name":"Atenci\u00f3n especializada de Ameripharma","url":"https:\/\/ameripharmaspecialty.com\/es\/","logo":{"@type":"ImageObject","inLanguage":"es","@id":"https:\/\/ameripharmaspecialty.com\/es\/#\/schema\/logo\/image\/","url":"https:\/\/ameripharmaspecialty.com\/wp-content\/uploads\/2024\/07\/specialty-care-logo-large-square.png","contentUrl":"https:\/\/ameripharmaspecialty.com\/wp-content\/uploads\/2024\/07\/specialty-care-logo-large-square.png","width":400,"height":400,"caption":"Ameripharma Specialty Care"},"image":{"@id":"https:\/\/ameripharmaspecialty.com\/es\/#\/schema\/logo\/image\/"},"sameAs":["https:\/\/www.facebook.com\/ameripharma\/"]},{"@type":"Person","@id":"https:\/\/ameripharmaspecialty.com\/es\/#\/schema\/person\/234280933b6e0dcaf47c0c1f40a59759","name":"Dr. Robert Hakim, Doctor en Farmacia","image":{"@type":"ImageObject","inLanguage":"es","@id":"https:\/\/secure.gravatar.com\/avatar\/1ce5316336fea18759f2cf91c9f6269796c7cb578013d4d04c78cb734056a87d?s=96&d=mm&r=g","url":"https:\/\/secure.gravatar.com\/avatar\/1ce5316336fea18759f2cf91c9f6269796c7cb578013d4d04c78cb734056a87d?s=96&d=mm&r=g","contentUrl":"https:\/\/secure.gravatar.com\/avatar\/1ce5316336fea18759f2cf91c9f6269796c7cb578013d4d04c78cb734056a87d?s=96&d=mm&r=g","caption":"Dr. Robert Hakim, PharmD"},"description":"El Dr. Robert Chad Hakim, PharmD, naci\u00f3 y creci\u00f3 en Northridge, California. Obtuvo su t\u00edtulo en farmacia en la Facultad de Farmacia de la Universidad de Wisconsin-Madison. Lo m\u00e1s gratificante de su trabajo es tomar la iniciativa para impulsar programas cl\u00ednicos que maximicen el impacto en la atenci\u00f3n al paciente. Cuenta con una certificaci\u00f3n del consejo en cuidados cr\u00edticos (BCCCP) y sus \u00e1reas de especializaci\u00f3n son cuidados cr\u00edticos, informaci\u00f3n sobre medicamentos, medicina general y cardiolog\u00eda. En su tiempo libre, disfruta viajando.\u00a0","url":"https:\/\/ameripharmaspecialty.com\/es\/author\/robert-hakim\/"}]}},"uagb_featured_image_src":{"full":["https:\/\/ameripharmaspecialty.com\/wp-content\/uploads\/2024\/02\/autoimmune-uveitis.jpg",1280,853,false],"thumbnail":["https:\/\/ameripharmaspecialty.com\/wp-content\/uploads\/2024\/02\/autoimmune-uveitis-150x150.jpg",150,150,true],"medium":["https:\/\/ameripharmaspecialty.com\/wp-content\/uploads\/2024\/02\/autoimmune-uveitis-300x200.jpg",300,200,true],"medium_large":["https:\/\/ameripharmaspecialty.com\/wp-content\/uploads\/2024\/02\/autoimmune-uveitis-768x512.jpg",768,512,true],"large":["https:\/\/ameripharmaspecialty.com\/wp-content\/uploads\/2024\/02\/autoimmune-uveitis-1024x682.jpg",1024,682,true],"1536x1536":["https:\/\/ameripharmaspecialty.com\/wp-content\/uploads\/2024\/02\/autoimmune-uveitis.jpg",1280,853,false],"2048x2048":["https:\/\/ameripharmaspecialty.com\/wp-content\/uploads\/2024\/02\/autoimmune-uveitis.jpg",1280,853,false],"trp-custom-language-flag":["https:\/\/ameripharmaspecialty.com\/wp-content\/uploads\/2024\/02\/autoimmune-uveitis.jpg",18,12,false],"block-image-html-large":["https:\/\/ameripharmaspecialty.com\/wp-content\/uploads\/2024\/02\/autoimmune-uveitis-600x400.jpg",600,400,true],"ct-gallery":["https:\/\/ameripharmaspecialty.com\/wp-content\/uploads\/2024\/02\/autoimmune-uveitis-330x220.jpg",330,220,true],"ct-section-header":["https:\/\/ameripharmaspecialty.com\/wp-content\/uploads\/2024\/02\/autoimmune-uveitis-1146x380.jpg",1146,380,true],"ct-thumb":["https:\/\/ameripharmaspecialty.com\/wp-content\/uploads\/2024\/02\/autoimmune-uveitis-86x57.jpg",86,57,true],"ct-thumb-large":["https:\/\/ameripharmaspecialty.com\/wp-content\/uploads\/2024\/02\/autoimmune-uveitis-167x111.jpg",167,111,true],"ct-small":["https:\/\/ameripharmaspecialty.com\/wp-content\/uploads\/2024\/02\/autoimmune-uveitis-280x187.jpg",280,187,true],"ct-medium":["https:\/\/ameripharmaspecialty.com\/wp-content\/uploads\/2024\/02\/autoimmune-uveitis-370x247.jpg",370,247,true],"ct-xmedium":["https:\/\/ameripharmaspecialty.com\/wp-content\/uploads\/2024\/02\/autoimmune-uveitis-960x640.jpg",960,640,true],"ct-large":["https:\/\/ameripharmaspecialty.com\/wp-content\/uploads\/2024\/02\/autoimmune-uveitis.jpg",1280,853,false]},"uagb_author_info":{"display_name":"Dr. Robert Hakim, PharmD","author_link":"https:\/\/ameripharmaspecialty.com\/es\/author\/robert-hakim\/"},"uagb_comment_info":0,"uagb_excerpt":"Autoimmune uveitis is an inflammatory eye disease that occurs as a result of an immune system malfunction. This autoimmune condition causes inflammation within the eye, specifically in the uvea or uveal tract, which is the middle layer of your eyes and provides blood supply to the retina.","rttpg_featured_image_url":{"full":["https:\/\/ameripharmaspecialty.com\/wp-content\/uploads\/2024\/02\/autoimmune-uveitis.jpg",1280,853,false],"landscape":["https:\/\/ameripharmaspecialty.com\/wp-content\/uploads\/2024\/02\/autoimmune-uveitis.jpg",1280,853,false],"portraits":["https:\/\/ameripharmaspecialty.com\/wp-content\/uploads\/2024\/02\/autoimmune-uveitis.jpg",1280,853,false],"thumbnail":["https:\/\/ameripharmaspecialty.com\/wp-content\/uploads\/2024\/02\/autoimmune-uveitis-150x150.jpg",150,150,true],"medium":["https:\/\/ameripharmaspecialty.com\/wp-content\/uploads\/2024\/02\/autoimmune-uveitis-300x200.jpg",300,200,true],"large":["https:\/\/ameripharmaspecialty.com\/wp-content\/uploads\/2024\/02\/autoimmune-uveitis-1024x682.jpg",1024,682,true],"1536x1536":["https:\/\/ameripharmaspecialty.com\/wp-content\/uploads\/2024\/02\/autoimmune-uveitis.jpg",1280,853,false],"2048x2048":["https:\/\/ameripharmaspecialty.com\/wp-content\/uploads\/2024\/02\/autoimmune-uveitis.jpg",1280,853,false],"trp-custom-language-flag":["https:\/\/ameripharmaspecialty.com\/wp-content\/uploads\/2024\/02\/autoimmune-uveitis.jpg",18,12,false],"block-image-html-large":["https:\/\/ameripharmaspecialty.com\/wp-content\/uploads\/2024\/02\/autoimmune-uveitis-600x400.jpg",600,400,true],"ct-gallery":["https:\/\/ameripharmaspecialty.com\/wp-content\/uploads\/2024\/02\/autoimmune-uveitis-330x220.jpg",330,220,true],"ct-section-header":["https:\/\/ameripharmaspecialty.com\/wp-content\/uploads\/2024\/02\/autoimmune-uveitis-1146x380.jpg",1146,380,true],"ct-thumb":["https:\/\/ameripharmaspecialty.com\/wp-content\/uploads\/2024\/02\/autoimmune-uveitis-86x57.jpg",86,57,true],"ct-thumb-large":["https:\/\/ameripharmaspecialty.com\/wp-content\/uploads\/2024\/02\/autoimmune-uveitis-167x111.jpg",167,111,true],"ct-small":["https:\/\/ameripharmaspecialty.com\/wp-content\/uploads\/2024\/02\/autoimmune-uveitis-280x187.jpg",280,187,true],"ct-medium":["https:\/\/ameripharmaspecialty.com\/wp-content\/uploads\/2024\/02\/autoimmune-uveitis-370x247.jpg",370,247,true],"ct-xmedium":["https:\/\/ameripharmaspecialty.com\/wp-content\/uploads\/2024\/02\/autoimmune-uveitis-960x640.jpg",960,640,true],"ct-large":["https:\/\/ameripharmaspecialty.com\/wp-content\/uploads\/2024\/02\/autoimmune-uveitis.jpg",1280,853,false]},"rttpg_author":{"display_name":"Dr. Robert Hakim, PharmD","author_link":"https:\/\/ameripharmaspecialty.com\/es\/author\/robert-hakim\/"},"rttpg_comment":0,"rttpg_category":"<a href=\"https:\/\/ameripharmaspecialty.com\/es\/category\/other-health-conditions\/\" rel=\"category tag\">Other Health Conditions<\/a>","rttpg_excerpt":"Autoimmune uveitis is an inflammatory eye disease that occurs as a result of an immune system malfunction. This autoimmune condition causes inflammation within the eye, specifically in the uvea or uveal tract, which is the middle layer of your eyes and provides blood supply to the retina.","_links":{"self":[{"href":"https:\/\/ameripharmaspecialty.com\/es\/wp-json\/wp\/v2\/posts\/23902","targetHints":{"allow":["GET"]}}],"collection":[{"href":"https:\/\/ameripharmaspecialty.com\/es\/wp-json\/wp\/v2\/posts"}],"about":[{"href":"https:\/\/ameripharmaspecialty.com\/es\/wp-json\/wp\/v2\/types\/post"}],"author":[{"embeddable":true,"href":"https:\/\/ameripharmaspecialty.com\/es\/wp-json\/wp\/v2\/users\/26"}],"replies":[{"embeddable":true,"href":"https:\/\/ameripharmaspecialty.com\/es\/wp-json\/wp\/v2\/comments?post=23902"}],"version-history":[{"count":0,"href":"https:\/\/ameripharmaspecialty.com\/es\/wp-json\/wp\/v2\/posts\/23902\/revisions"}],"wp:featuredmedia":[{"embeddable":true,"href":"https:\/\/ameripharmaspecialty.com\/es\/wp-json\/wp\/v2\/media\/23903"}],"wp:attachment":[{"href":"https:\/\/ameripharmaspecialty.com\/es\/wp-json\/wp\/v2\/media?parent=23902"}],"wp:term":[{"taxonomy":"category","embeddable":true,"href":"https:\/\/ameripharmaspecialty.com\/es\/wp-json\/wp\/v2\/categories?post=23902"},{"taxonomy":"post_tag","embeddable":true,"href":"https:\/\/ameripharmaspecialty.com\/es\/wp-json\/wp\/v2\/tags?post=23902"}],"curies":[{"name":"gracias","href":"https:\/\/api.w.org\/{rel}","templated":true}]}}