{"id":20905,"date":"2022-08-16T10:38:20","date_gmt":"2022-08-16T17:38:20","guid":{"rendered":"https:\/\/ameripharmaspe.wpengine.com\/?p=20905"},"modified":"2024-05-16T10:39:26","modified_gmt":"2024-05-16T17:39:26","slug":"depression-and-myasthenia-gravis","status":"publish","type":"post","link":"https:\/\/ameripharmaspecialty.com\/es\/myasthenia-gravis\/depression-and-myasthenia-gravis\/","title":{"rendered":"C\u00f3mo afrontar la depresi\u00f3n y la miastenia gravis"},"content":{"rendered":"<p><span style=\"font-weight: 400;\">Vivir con una enfermedad cr\u00f3nica puede ser un desaf\u00edo, especialmente cuando se trata de una enfermedad incurable y de por vida como <\/span><a href=\"https:\/\/ameripharmaspecialty.com\/es\/myasthenia-gravis\/myasthenia-gravis\/\"><span style=\"font-weight: 400;\">miastenia gravis<\/span><\/a><span style=\"font-weight: 400;\"> (MG). <\/span><span style=\"font-weight: 400;\">La miastenia gravis es una enfermedad autoinmune que causa debilidad del m\u00fasculo esquel\u00e9tico al impedir la transmisi\u00f3n de impulsos nerviosos a las c\u00e9lulas musculares. Los anticuerpos de los pacientes atacan y destruyen la comunicaci\u00f3n entre nervios y m\u00fasculos, lo que provoca una insuficiencia en la contracci\u00f3n muscular.<\/span><\/p>\n\n\n\n<div  id=\"call-to-action-0971163b9e0fbdd105fe7def73eb39ca\" style=\"\" class=\"ct_call_to_action\">\n\t<div class=\"container\">\n\t\t<div class=\"block-wrap cta\">\n\t\t\t<div class=\"block-column\">\n\t\t\t\t<div class=\"cta_headings\">\n\t\t\t\t\t\t\t\t\t\t\t<h4 class=\"cta__heading\">\n\t\t\t\t\t\t\tObtenga asistencia para el copago de IgIV\t\t\t\t\t\t<\/h4>\n\t\t\t\t\t\t\t\t\t\t\t\t\t\t\t\t<span class=\"cta__sub__heading\">\n\t\t\t\t\t\t\tHabla con un especialista\t\t\t\t\t\t<\/span>\n\t\t\t\t\t\t\t\t\t<\/div>\n\t\t\t\t\t\t\t\t\t<span class=\"cta_btn\">\n\t\t\t\t\t\t<a href=\"tel:8777780318\">(877) 778-0318<\/a>\n\t\t\t\t\t\t\t\t\t\t\t<\/span>\n\t\t\t\t\t\t\t<\/div>\n\n\t\t<\/div>\n\t<\/div>\n<\/div>\n\n\n\n<p><span style=\"font-weight: 400;\">Los s\u00edntomas comunes de la miastenia gravis incluyen:<\/span><\/p>\n\n\n\n<ul class=\"wp-block-list\">\n<li><span style=\"font-weight: 400;\">Debilidad de los m\u00fasculos oculares llamada miastenia ocular<\/span><\/li>\n\n\n\n<li><span style=\"font-weight: 400;\">Visi\u00f3n doble (diplop\u00eda)<\/span><\/li>\n\n\n\n<li><span style=\"font-weight: 400;\">Ca\u00edda de uno o ambos p\u00e1rpados (ptosis)<\/span><\/li>\n\n\n\n<li><span style=\"font-weight: 400;\">Dificultad para hablar o tragar, o un cambio en la expresi\u00f3n facial.<\/span><\/li>\n\n\n\n<li><span style=\"font-weight: 400;\">Debilidad en todo el cuerpo<\/span><\/li>\n<\/ul>\n\n\n\n<p><span style=\"font-weight: 400;\">Se desconocen las causas de esta enfermedad autoinmune, pero la detecci\u00f3n temprana y el tratamiento m\u00e9dico oportuno pueden ayudar a los pacientes a controlar mejor sus s\u00edntomas. Vivir con m<\/span><span style=\"font-weight: 400;\">La yastenia gravis puede afectar la calidad de vida del paciente debido a una disminuci\u00f3n de la capacidad para realizar las tareas cotidianas. La p\u00e9rdida de fuerza y la fatiga cr\u00f3nica provocan p\u00e9rdida de motivaci\u00f3n y s\u00edntomas de depresi\u00f3n.&nbsp;<\/span><\/p>\n\n\n\n<div id=\"ez-toc-container\" class=\"ez-toc-v2_0_82_2 counter-hierarchy ez-toc-counter ez-toc-custom ez-toc-container-direction\">\n<div class=\"ez-toc-title-container\">\n<span class=\"ez-toc-title-toggle\"><a href=\"#\" class=\"ez-toc-pull-right ez-toc-btn ez-toc-btn-xs ez-toc-btn-default ez-toc-toggle\" aria-label=\"Alternar tabla de contenido\"><span class=\"ez-toc-js-icon-con\"><span class=\"\"><span class=\"eztoc-hide\" style=\"display:none;\">Palanca<\/span><span class=\"ez-toc-icon-toggle-span\"><svg style=\"fill: #999;color:#999\" xmlns=\"http:\/\/www.w3.org\/2000\/svg\" class=\"list-377408\" width=\"20px\" height=\"20px\" viewbox=\"0 0 24 24\" fill=\"none\"><path d=\"M6 6H4v2h2V6zm14 0H8v2h12V6zM4 11h2v2H4v-2zm16 0H8v2h12v-2zM4 16h2v2H4v-2zm16 0H8v2h12v-2z\" fill=\"currentColor\"><\/path><\/svg><svg style=\"fill: #999;color:#999\" class=\"arrow-unsorted-368013\" xmlns=\"http:\/\/www.w3.org\/2000\/svg\" width=\"10px\" height=\"10px\" viewbox=\"0 0 24 24\" version=\"1.2\" baseprofile=\"tiny\"><path d=\"M18.2 9.3l-6.2-6.3-6.2 6.3c-.2.2-.3.4-.3.7s.1.5.3.7c.2.2.4.3.7.3h11c.3 0 .5-.1.7-.3.2-.2.3-.5.3-.7s-.1-.5-.3-.7zM5.8 14.7l6.2 6.3 6.2-6.3c.2-.2.3-.5.3-.7s-.1-.5-.3-.7c-.2-.2-.4-.3-.7-.3h-11c-.3 0-.5.1-.7.3-.2.2-.3.5-.3.7s.1.5.3.7z\"\/><\/svg><\/span><\/span><\/span><\/a><\/span><\/div>\n<nav><ul class='ez-toc-list ez-toc-list-level-1' ><li class='ez-toc-page-1 ez-toc-heading-level-2'><a class=\"ez-toc-link ez-toc-heading-1\" href=\"https:\/\/ameripharmaspecialty.com\/es\/myasthenia-gravis\/depression-and-myasthenia-gravis\/#Depression_and_Myasthenia_Gravis_MG\" >Depresi\u00f3n y miastenia grave (MG)<\/a><\/li><li class='ez-toc-page-1 ez-toc-heading-level-2'><a class=\"ez-toc-link ez-toc-heading-2\" href=\"https:\/\/ameripharmaspecialty.com\/es\/myasthenia-gravis\/depression-and-myasthenia-gravis\/#Depression_Coping_Strategies_for_MG_Patients\" >Estrategias de afrontamiento de la depresi\u00f3n para pacientes con MG<\/a><ul class='ez-toc-list-level-3' ><li class='ez-toc-heading-level-3'><a class=\"ez-toc-link ez-toc-heading-3\" href=\"https:\/\/ameripharmaspecialty.com\/es\/myasthenia-gravis\/depression-and-myasthenia-gravis\/#Exercise\" >Ejercicio<\/a><\/li><li class='ez-toc-page-1 ez-toc-heading-level-3'><a class=\"ez-toc-link ez-toc-heading-4\" href=\"https:\/\/ameripharmaspecialty.com\/es\/myasthenia-gravis\/depression-and-myasthenia-gravis\/#Meditation_and_Mindfulness\" >Meditaci\u00f3n y atenci\u00f3n plena<\/a><\/li><li class='ez-toc-page-1 ez-toc-heading-level-3'><a class=\"ez-toc-link ez-toc-heading-5\" href=\"https:\/\/ameripharmaspecialty.com\/es\/myasthenia-gravis\/depression-and-myasthenia-gravis\/#Cognitive_Behavioral_Therapy_CBT\" >Terapia cognitivo-conductual (TCC)<\/a><\/li><li class='ez-toc-page-1 ez-toc-heading-level-3'><a class=\"ez-toc-link ez-toc-heading-6\" href=\"https:\/\/ameripharmaspecialty.com\/es\/myasthenia-gravis\/depression-and-myasthenia-gravis\/#Mental_Health_Therapy\" >Terapia de salud mental<\/a><\/li><li class='ez-toc-page-1 ez-toc-heading-level-3'><a class=\"ez-toc-link ez-toc-heading-7\" href=\"https:\/\/ameripharmaspecialty.com\/es\/myasthenia-gravis\/depression-and-myasthenia-gravis\/#Social_Support\" >Apoyo social<\/a><\/li><\/ul><\/li><li class='ez-toc-page-1 ez-toc-heading-level-2'><a class=\"ez-toc-link ez-toc-heading-8\" href=\"https:\/\/ameripharmaspecialty.com\/es\/myasthenia-gravis\/depression-and-myasthenia-gravis\/#Conclusion\" >Conclusi\u00f3n<\/a><\/li><\/ul><\/nav><\/div>\n<h2 class=\"wp-block-heading\"><span class=\"ez-toc-section\" id=\"Depression_and_Myasthenia_Gravis_MG\"><\/span>Depresi\u00f3n y miastenia grave (MG)<span class=\"ez-toc-section-end\"><\/span><\/h2>\n\n\n\n<p><a href=\"https:\/\/psychiatry.org\/patients-families\/depression\/what-is-depression\"><span style=\"font-weight: 400;\">Depresi\u00f3n<\/span><\/a><span style=\"font-weight: 400;\"> Es una condici\u00f3n m\u00e9dica que afecta la salud f\u00edsica y mental de un individuo y es una de las enfermedades psiqui\u00e1tricas m\u00e1s comunes. <\/span><span style=\"font-weight: 400;\">Comorbilidades que experimentan los pacientes con MG. La depresi\u00f3n se produce como resultado del tratamiento. <\/span><span style=\"font-weight: 400;\">Efectos secundarios utilizados para mejorar los s\u00edntomas de la miastenia gravis. La depresi\u00f3n no solo interfiere con las actividades cotidianas del paciente, sino que tambi\u00e9n desregula la funci\u00f3n inmunitaria y agrava a\u00fan m\u00e1s la miastenia gravis, lo que... <\/span><a href=\"https:\/\/journals.plos.org\/plosone\/article?id=10.1371\/journal.pone.0206754\"><span style=\"font-weight: 400;\">disminuyendo la calidad de vida<\/span><\/a><span style=\"font-weight: 400;\">.<\/span><\/p>\n\n\n\n<p><span style=\"font-weight: 400;\">Los s\u00edntomas de depresi\u00f3n que experimentan los pacientes con miastenia gravis incluyen:&nbsp;&nbsp;<\/span><\/p>\n\n\n\n<ul class=\"wp-block-list\">\n<li><span style=\"font-weight: 400;\">Insatisfacci\u00f3n con la apariencia f\u00edsica<\/span><span style=\"font-weight: 400;\">&nbsp;<\/span><\/li>\n\n\n\n<li><span style=\"font-weight: 400;\">Falta de confidencia&nbsp;<\/span><\/li>\n\n\n\n<li><span style=\"font-weight: 400;\">Cambios de humor<\/span><\/li>\n\n\n\n<li><span style=\"font-weight: 400;\">Energ\u00eda baja<\/span><\/li>\n\n\n\n<li><span style=\"font-weight: 400;\">Falta de placer (anhedonia)<\/span><\/li>\n<\/ul>\n\n\n\n<p><span style=\"font-weight: 400;\">Los pacientes que experimentan m\u00e1s brotes y <\/span><span style=\"font-weight: 400;\">miast\u00e9nico <\/span><span style=\"font-weight: 400;\">Las crisis tienen puntuaciones m\u00e1s altas de estr\u00e9s y depresi\u00f3n. <\/span><span style=\"font-weight: 400;\">Dado que la depresi\u00f3n empeora la miastenia gravis y dificulta que los pacientes controlen sus s\u00edntomas f\u00edsicos, los profesionales de la salud proponen estrategias de afrontamiento de la depresi\u00f3n para mejorar las condiciones de MG.&nbsp;<\/span><\/p>\n\n\n\n<div  id=\"call-to-action-67c359176052f0ad12731ef698a6bca1\" style=\"\" class=\"ct_call_to_action\">\n\t<div class=\"container\">\n\t\t<div class=\"block-wrap cta\">\n\t\t\t<div class=\"block-column\">\n\t\t\t\t<div class=\"cta_headings\">\n\t\t\t\t\t\t\t\t\t\t\t<h4 class=\"cta__heading\">\n\t\t\t\t\t\t\tObtenga su dosis de IgIV\t\t\t\t\t\t<\/h4>\n\t\t\t\t\t\t\t\t\t\t\t\t\t\t\t\t<span class=\"cta__sub__heading\">\n\t\t\t\t\t\t\tInfusi\u00f3n en casa\t\t\t\t\t\t<\/span>\n\t\t\t\t\t\t\t\t\t<\/div>\n\t\t\t\t\t\t\t\t\t<span class=\"cta_btn\">\n\t\t\t\t\t\t<a href=\"#form\">Programar una consulta<\/a>\n\t\t\t\t\t\t\t\t\t\t\t<\/span>\n\t\t\t\t\t\t\t<\/div>\n\n\t\t<\/div>\n\t<\/div>\n<\/div>\n\n\n\n<h2 class=\"wp-block-heading\"><span class=\"ez-toc-section\" id=\"Depression_Coping_Strategies_for_MG_Patients\"><\/span>Estrategias de afrontamiento de la depresi\u00f3n para pacientes con MG<span class=\"ez-toc-section-end\"><\/span><\/h2>\n\n\n\n<p><span style=\"font-weight: 400;\">Para ayudar a los pacientes con MG que sufren depresi\u00f3n,<\/span> <span style=\"font-weight: 400;\">Los neur\u00f3logos y los equipos de atenci\u00f3n con experiencia en el manejo de la miastenia gravis utilizan un enfoque hol\u00edstico sin medicamentos en lugar de recomendar antidepresivos a los pacientes, ya que estos no son eficaces y pueden empeorar la MG al interactuar con otros medicamentos utilizados para su tratamiento. El enfoque hol\u00edstico sin medicamentos se considera una mejor opci\u00f3n para reducir la MG. <\/span><span style=\"font-weight: 400;\">La progresi\u00f3n de la depresi\u00f3n causada por la miastenia gravis. Este tipo de enfoque tambi\u00e9n ha mostrado resultados prometedores en pacientes con MG, mejorando su calidad de vida en general.&nbsp;<\/span><\/p>\n\n\n\n<p><span style=\"font-weight: 400;\">Algunas de las opciones de afrontamiento de la depresi\u00f3n para mejorar las condiciones de MG incluyen:<\/span><\/p>\n\n\n\n<h3 class=\"wp-block-heading\"><span class=\"ez-toc-section\" id=\"Exercise\"><\/span><b>Ejercicio<\/b><span class=\"ez-toc-section-end\"><\/span><\/h3>\n\n\n\n<p><span style=\"font-weight: 400;\">El ejercicio diario puede aliviar los s\u00edntomas de la MG y ayudar a los pacientes a afrontar la depresi\u00f3n. Durante la actividad f\u00edsica, el cerebro libera sustancias qu\u00edmicas y neurotransmisores que reducen la fatiga y mejoran el estado de \u00e1nimo y la cognici\u00f3n. Tambi\u00e9n permite que los pacientes con MG se sientan menos deprimidos y con m\u00e1s energ\u00eda.&nbsp;<\/span><\/p>\n\n\n\n<p><span style=\"font-weight: 400;\">Puede consultar con su proveedor para preguntarle qu\u00e9 tipo de ejercicio se adapta mejor a usted.<\/span><\/p>\n\n\n\n<h3 class=\"wp-block-heading\"><span class=\"ez-toc-section\" id=\"Meditation_and_Mindfulness\"><\/span><b><img loading=\"lazy\" decoding=\"async\" width=\"420\" height=\"280\" class=\"alignright wp-image-20910 size-full\" src=\"https:\/\/ameripharmaspecialty.com\/wp-content\/uploads\/2022\/08\/meditation.jpg\" alt=\"Woman practicing meditation\" srcset=\"https:\/\/ameripharmaspecialty.com\/wp-content\/uploads\/2022\/08\/meditation.jpg 420w, https:\/\/ameripharmaspecialty.com\/wp-content\/uploads\/2022\/08\/meditation-300x200.jpg 300w, https:\/\/ameripharmaspecialty.com\/wp-content\/uploads\/2022\/08\/meditation-330x220.jpg 330w, https:\/\/ameripharmaspecialty.com\/wp-content\/uploads\/2022\/08\/meditation-86x57.jpg 86w, https:\/\/ameripharmaspecialty.com\/wp-content\/uploads\/2022\/08\/meditation-167x111.jpg 167w, https:\/\/ameripharmaspecialty.com\/wp-content\/uploads\/2022\/08\/meditation-280x187.jpg 280w, https:\/\/ameripharmaspecialty.com\/wp-content\/uploads\/2022\/08\/meditation-370x247.jpg 370w\" sizes=\"auto, (max-width: 420px) 100vw, 420px\" \/>Meditaci\u00f3n y atenci\u00f3n plena<\/b><span class=\"ez-toc-section-end\"><\/span><\/h3>\n\n\n\n<p><span style=\"font-weight: 400;\">La meditaci\u00f3n y la atenci\u00f3n plena son pr\u00e1cticas que brindan calma, equilibrio y paz. Estas pr\u00e1cticas pueden beneficiar a pacientes con MG y s\u00edntomas de depresi\u00f3n si se practican con regularidad.&nbsp;<\/span><\/p>\n\n\n\n<h3 class=\"wp-block-heading\"><span class=\"ez-toc-section\" id=\"Cognitive_Behavioral_Therapy_CBT\"><\/span><b>Terapia cognitivo-conductual (TCC)<\/b><span class=\"ez-toc-section-end\"><\/span><\/h3>\n\n\n\n<p><a href=\"https:\/\/www.psychiatrist.com\/pcc\/medical\/comorbidity\/cbt-for-psychiatric-comorbidity-in-myasthenia-gravis\/\"><span style=\"font-weight: 400;\">Terapia cognitivo-conductual<\/span><\/a><span style=\"font-weight: 400;\"> es beneficioso para el tratamiento <\/span><span style=\"font-weight: 400;\">com\u00f3rbido&nbsp;<\/span><span style=\"font-weight: 400;\">Depresi\u00f3n, insomnio y ansiedad en pacientes con MG. Esta terapia a corto plazo se centra en modificar el comportamiento o la forma de pensar del paciente en relaci\u00f3n con los problemas de MG.<\/span><\/p>\n\n\n\n<h3 class=\"wp-block-heading\"><span class=\"ez-toc-section\" id=\"Mental_Health_Therapy\"><\/span><b>Terapia de salud mental<br><\/b><span class=\"ez-toc-section-end\"><\/span><\/h3>\n\n\n\n<p><span style=\"font-weight: 400;\">Consultar a un terapeuta puede ayudar a los pacientes a lidiar con la depresi\u00f3n u otros problemas de salud mental que surgen durante el tratamiento de la miastenia gravis.<\/span><\/p>\n\n\n\n<h3 class=\"wp-block-heading\"><span class=\"ez-toc-section\" id=\"Social_Support\"><\/span><b>Apoyo social<\/b><span class=\"ez-toc-section-end\"><\/span><\/h3>\n\n\n\n<p><span style=\"font-weight: 400;\">Estudios han demostrado que el apoyo socioemocional de familiares y amigos mejora el bienestar f\u00edsico y psicol\u00f3gico de los pacientes con MG. Adem\u00e1s, interactuar y compartir ideas con otros pacientes con MG y profesionales m\u00e9dicos tambi\u00e9n ayuda a reducir la depresi\u00f3n y a mejorar la calidad de vida.&nbsp;<\/span><\/p>\n\n\n\n<p><span style=\"font-weight: 400;\">Algunos hospitales ofrecen programas especiales para ense\u00f1ar a los pacientes c\u00f3mo combatir la depresi\u00f3n causada por enfermedades cr\u00f3nicas como <\/span><a href=\"https:\/\/ameripharmaspecialty.com\/es\/ivig\/ivig\/-for-myasthenia-gravis\/\"><span style=\"font-weight: 400;\">miastenia gravis<\/span><\/a><span style=\"font-weight: 400;\">.<\/span><\/p>\n\n\n\n<div  id=\"call-to-action-bf3758537c69ec656214f83b40b5451e\" style=\"\" class=\"ct_call_to_action\">\n\t<div class=\"container\">\n\t\t<div class=\"block-wrap cta\">\n\t\t\t<div class=\"block-column\">\n\t\t\t\t<div class=\"cta_headings\">\n\t\t\t\t\t\t\t\t\t\t\t<h4 class=\"cta__heading\">\n\t\t\t\t\t\t\t\u00bfPuede ayudar la IgIV?\t\t\t\t\t\t<\/h4>\n\t\t\t\t\t\t\t\t\t\t\t\t\t\t\t\t<span class=\"cta__sub__heading\">\n\t\t\t\t\t\t\tInformaci\u00f3n gratuita sobre el tratamiento con IgIV\t\t\t\t\t\t<\/span>\n\t\t\t\t\t\t\t\t\t<\/div>\n\t\t\t\t\t\t\t\t\t<span class=\"cta_btn\">\n\t\t\t\t\t\t<a href=\"tel:8777780318\">(877) 778-0318<\/a>\n\t\t\t\t\t\t\t\t\t\t\t<\/span>\n\t\t\t\t\t\t\t<\/div>\n\n\t\t<\/div>\n\t<\/div>\n<\/div>\n\n\n\n<h2 class=\"wp-block-heading\"><span class=\"ez-toc-section\" id=\"Conclusion\"><\/span>Conclusi\u00f3n<span class=\"ez-toc-section-end\"><\/span><\/h2>\n\n\n\n<p><span style=\"font-weight: 400;\">Por favor, contacte a su profesional de la salud si experimenta depresi\u00f3n, falta de energ\u00eda, p\u00e9rdida de inter\u00e9s o cualquier otro s\u00edntoma de depresi\u00f3n durante al menos dos semanas consecutivas. Controlar la depresi\u00f3n puede mejorar su calidad de vida y ayudar a controlar la miastenia gravis.&nbsp;<\/span><\/p>","protected":false},"excerpt":{"rendered":"<p>Vivir con una enfermedad cr\u00f3nica puede ser un desaf\u00edo, especialmente cuando se trata de una enfermedad incurable y cr\u00f3nica como la miastenia gravis (MG). La miastenia gravis es una enfermedad autoinmune que causa debilidad del m\u00fasculo esquel\u00e9tico al impedir la transmisi\u00f3n de impulsos nerviosos a las c\u00e9lulas musculares.<\/p>","protected":false},"author":13,"featured_media":20909,"comment_status":"closed","ping_status":"closed","sticky":false,"template":"","format":"standard","meta":{"_acf_changed":false,"om_disable_all_campaigns":false,"_uag_custom_page_level_css":"","footnotes":""},"categories":[10],"tags":[17],"class_list":["post-20905","post","type-post","status-publish","format-standard","has-post-thumbnail","hentry","category-myasthenia-gravis","tag-dr-saba-rassouli"],"acf":[],"yoast_head":"<!-- This site is optimized with the Yoast SEO plugin v27.4 - https:\/\/yoast.com\/product\/yoast-seo-wordpress\/ -->\n<title>How To Cope With Depression and Myasthenia Gravis<\/title>\n<meta name=\"description\" content=\"This article offers tips on coping with depression and myasthenia gravis, and covers topics like exercise, meditation, and other strategies.\" \/>\n<meta name=\"robots\" content=\"index, follow, max-snippet:-1, max-image-preview:large, max-video-preview:-1\" \/>\n<link rel=\"canonical\" href=\"https:\/\/ameripharmaspecialty.com\/es\/myasthenia-gravis\/depression-and-myasthenia-gravis\/\" \/>\n<meta property=\"og:locale\" content=\"es_MX\" \/>\n<meta property=\"og:type\" content=\"article\" \/>\n<meta property=\"og:title\" content=\"How To Cope With Depression and Myasthenia Gravis\" \/>\n<meta property=\"og:description\" content=\"This article offers tips on coping with depression and myasthenia gravis, and covers topics like exercise, meditation, and other strategies.\" \/>\n<meta property=\"og:url\" content=\"https:\/\/ameripharmaspecialty.com\/es\/myasthenia-gravis\/depression-and-myasthenia-gravis\/\" \/>\n<meta property=\"og:site_name\" content=\"AmeriPharma\u00ae Specialty Care\" \/>\n<meta property=\"article:publisher\" content=\"https:\/\/www.facebook.com\/ameripharma\/\" \/>\n<meta property=\"article:published_time\" content=\"2022-08-16T17:38:20+00:00\" \/>\n<meta property=\"article:modified_time\" content=\"2024-05-16T17:39:26+00:00\" \/>\n<meta property=\"og:image\" content=\"https:\/\/ameripharmaspecialty.com\/wp-content\/uploads\/2022\/08\/Depression-Patient.jpg\" \/>\n\t<meta property=\"og:image:width\" content=\"1280\" \/>\n\t<meta property=\"og:image:height\" content=\"853\" \/>\n\t<meta property=\"og:image:type\" content=\"image\/jpeg\" \/>\n<meta name=\"author\" content=\"Dr. Saba Rassouli, PharmD\" \/>\n<meta name=\"twitter:card\" content=\"summary_large_image\" \/>\n<meta name=\"twitter:label1\" content=\"Written by\" \/>\n\t<meta name=\"twitter:data1\" content=\"Dr. Saba Rassouli, PharmD\" \/>\n\t<meta name=\"twitter:label2\" content=\"Est. reading time\" \/>\n\t<meta name=\"twitter:data2\" content=\"4 minutos\" \/>\n<script type=\"application\/ld+json\" class=\"yoast-schema-graph\">{\"@context\":\"https:\\\/\\\/schema.org\",\"@graph\":[{\"@type\":\"Article\",\"@id\":\"https:\\\/\\\/ameripharmaspecialty.com\\\/myasthenia-gravis\\\/depression-and-myasthenia-gravis\\\/#article\",\"isPartOf\":{\"@id\":\"https:\\\/\\\/ameripharmaspecialty.com\\\/myasthenia-gravis\\\/depression-and-myasthenia-gravis\\\/\"},\"author\":{\"name\":\"Dr. Saba Rassouli, PharmD\",\"@id\":\"https:\\\/\\\/ameripharmaspecialty.com\\\/zh\\\/#\\\/schema\\\/person\\\/f70b3467e035aab4ae14bdadd64c5c01\"},\"headline\":\"How To Cope With Depression and Myasthenia Gravis\",\"datePublished\":\"2022-08-16T17:38:20+00:00\",\"dateModified\":\"2024-05-16T17:39:26+00:00\",\"mainEntityOfPage\":{\"@id\":\"https:\\\/\\\/ameripharmaspecialty.com\\\/myasthenia-gravis\\\/depression-and-myasthenia-gravis\\\/\"},\"wordCount\":680,\"publisher\":{\"@id\":\"https:\\\/\\\/ameripharmaspecialty.com\\\/zh\\\/#organization\"},\"image\":{\"@id\":\"https:\\\/\\\/ameripharmaspecialty.com\\\/myasthenia-gravis\\\/depression-and-myasthenia-gravis\\\/#primaryimage\"},\"thumbnailUrl\":\"https:\\\/\\\/ameripharmaspecialty.com\\\/wp-content\\\/uploads\\\/2022\\\/08\\\/Depression-Patient.jpg\",\"keywords\":[\"Dr. Saba Rassouli\"],\"articleSection\":[\"Myasthenia Gravis\"],\"inLanguage\":\"es\"},{\"@type\":\"WebPage\",\"@id\":\"https:\\\/\\\/ameripharmaspecialty.com\\\/myasthenia-gravis\\\/depression-and-myasthenia-gravis\\\/\",\"url\":\"https:\\\/\\\/ameripharmaspecialty.com\\\/myasthenia-gravis\\\/depression-and-myasthenia-gravis\\\/\",\"name\":\"How To Cope With Depression and Myasthenia Gravis\",\"isPartOf\":{\"@id\":\"https:\\\/\\\/ameripharmaspecialty.com\\\/zh\\\/#website\"},\"primaryImageOfPage\":{\"@id\":\"https:\\\/\\\/ameripharmaspecialty.com\\\/myasthenia-gravis\\\/depression-and-myasthenia-gravis\\\/#primaryimage\"},\"image\":{\"@id\":\"https:\\\/\\\/ameripharmaspecialty.com\\\/myasthenia-gravis\\\/depression-and-myasthenia-gravis\\\/#primaryimage\"},\"thumbnailUrl\":\"https:\\\/\\\/ameripharmaspecialty.com\\\/wp-content\\\/uploads\\\/2022\\\/08\\\/Depression-Patient.jpg\",\"datePublished\":\"2022-08-16T17:38:20+00:00\",\"dateModified\":\"2024-05-16T17:39:26+00:00\",\"description\":\"This article offers tips on coping with depression and myasthenia gravis, and covers topics like exercise, meditation, and other strategies.\",\"breadcrumb\":{\"@id\":\"https:\\\/\\\/ameripharmaspecialty.com\\\/myasthenia-gravis\\\/depression-and-myasthenia-gravis\\\/#breadcrumb\"},\"inLanguage\":\"es\",\"potentialAction\":[{\"@type\":\"ReadAction\",\"target\":[\"https:\\\/\\\/ameripharmaspecialty.com\\\/myasthenia-gravis\\\/depression-and-myasthenia-gravis\\\/\"]}]},{\"@type\":\"ImageObject\",\"inLanguage\":\"es\",\"@id\":\"https:\\\/\\\/ameripharmaspecialty.com\\\/myasthenia-gravis\\\/depression-and-myasthenia-gravis\\\/#primaryimage\",\"url\":\"https:\\\/\\\/ameripharmaspecialty.com\\\/wp-content\\\/uploads\\\/2022\\\/08\\\/Depression-Patient.jpg\",\"contentUrl\":\"https:\\\/\\\/ameripharmaspecialty.com\\\/wp-content\\\/uploads\\\/2022\\\/08\\\/Depression-Patient.jpg\",\"width\":1280,\"height\":853,\"caption\":\"Depression Patient\"},{\"@type\":\"BreadcrumbList\",\"@id\":\"https:\\\/\\\/ameripharmaspecialty.com\\\/myasthenia-gravis\\\/depression-and-myasthenia-gravis\\\/#breadcrumb\",\"itemListElement\":[{\"@type\":\"ListItem\",\"position\":1,\"name\":\"Home\",\"item\":\"https:\\\/\\\/ameripharmaspecialty.com\\\/es\\\/\"},{\"@type\":\"ListItem\",\"position\":2,\"name\":\"How To Cope With Depression and Myasthenia Gravis\"}]},{\"@type\":\"WebSite\",\"@id\":\"https:\\\/\\\/ameripharmaspecialty.com\\\/zh\\\/#website\",\"url\":\"https:\\\/\\\/ameripharmaspecialty.com\\\/zh\\\/\",\"name\":\"AmeriPharma\u00ae Specialty Care\",\"description\":\"Specialty Care by AmeriPharma\",\"publisher\":{\"@id\":\"https:\\\/\\\/ameripharmaspecialty.com\\\/zh\\\/#organization\"},\"potentialAction\":[{\"@type\":\"SearchAction\",\"target\":{\"@type\":\"EntryPoint\",\"urlTemplate\":\"https:\\\/\\\/ameripharmaspecialty.com\\\/zh\\\/?s={search_term_string}\"},\"query-input\":{\"@type\":\"PropertyValueSpecification\",\"valueRequired\":true,\"valueName\":\"search_term_string\"}}],\"inLanguage\":\"es\"},{\"@type\":\"Organization\",\"@id\":\"https:\\\/\\\/ameripharmaspecialty.com\\\/zh\\\/#organization\",\"name\":\"Ameripharma Specialty Care\",\"url\":\"https:\\\/\\\/ameripharmaspecialty.com\\\/zh\\\/\",\"logo\":{\"@type\":\"ImageObject\",\"inLanguage\":\"es\",\"@id\":\"https:\\\/\\\/ameripharmaspecialty.com\\\/zh\\\/#\\\/schema\\\/logo\\\/image\\\/\",\"url\":\"https:\\\/\\\/ameripharmaspecialty.com\\\/wp-content\\\/uploads\\\/2024\\\/07\\\/specialty-care-logo-large-square.png\",\"contentUrl\":\"https:\\\/\\\/ameripharmaspecialty.com\\\/wp-content\\\/uploads\\\/2024\\\/07\\\/specialty-care-logo-large-square.png\",\"width\":400,\"height\":400,\"caption\":\"Ameripharma Specialty Care\"},\"image\":{\"@id\":\"https:\\\/\\\/ameripharmaspecialty.com\\\/zh\\\/#\\\/schema\\\/logo\\\/image\\\/\"},\"sameAs\":[\"https:\\\/\\\/www.facebook.com\\\/ameripharma\\\/\"]},{\"@type\":\"Person\",\"@id\":\"https:\\\/\\\/ameripharmaspecialty.com\\\/zh\\\/#\\\/schema\\\/person\\\/f70b3467e035aab4ae14bdadd64c5c01\",\"name\":\"Dr. Saba Rassouli, PharmD\",\"image\":{\"@type\":\"ImageObject\",\"inLanguage\":\"es\",\"@id\":\"https:\\\/\\\/secure.gravatar.com\\\/avatar\\\/a5087340dca0d3046e3ff88f5dfa11d515d21ea9e06e6aec23e56d7fddfee7ce?s=96&d=mm&r=g\",\"url\":\"https:\\\/\\\/secure.gravatar.com\\\/avatar\\\/a5087340dca0d3046e3ff88f5dfa11d515d21ea9e06e6aec23e56d7fddfee7ce?s=96&d=mm&r=g\",\"contentUrl\":\"https:\\\/\\\/secure.gravatar.com\\\/avatar\\\/a5087340dca0d3046e3ff88f5dfa11d515d21ea9e06e6aec23e56d7fddfee7ce?s=96&d=mm&r=g\",\"caption\":\"Dr. Saba Rassouli, PharmD\"},\"description\":\"Dr. Saba Rassouli, PharmD was born and raised in Iran. She received her pharmacy degree from Marshall B. Ketchum University in 2022, where she graduated cum laude. The most rewarding part of her job is having the opportunity to care for each patient as if they were family and hearing about how happy and satisfied they are with the services provided by AmeriPharma. In her free time, she likes to go on walks, read books, and try different restaurants and foods.\",\"url\":\"https:\\\/\\\/ameripharmaspecialty.com\\\/es\\\/author\\\/saba-rassouli\\\/\"}]}<\/script>\n<!-- \/ Yoast SEO plugin. -->","yoast_head_json":{"title":"C\u00f3mo afrontar la depresi\u00f3n y la miastenia gravis","description":"Este art\u00edculo ofrece consejos para afrontar la depresi\u00f3n y la miastenia gravis, y cubre temas como el ejercicio, la meditaci\u00f3n y otras estrategias.","robots":{"index":"index","follow":"follow","max-snippet":"max-snippet:-1","max-image-preview":"max-image-preview:large","max-video-preview":"max-video-preview:-1"},"canonical":"https:\/\/ameripharmaspecialty.com\/es\/myasthenia-gravis\/depression-and-myasthenia-gravis\/","og_locale":"es_MX","og_type":"article","og_title":"How To Cope With Depression and Myasthenia Gravis","og_description":"This article offers tips on coping with depression and myasthenia gravis, and covers topics like exercise, meditation, and other strategies.","og_url":"https:\/\/ameripharmaspecialty.com\/es\/myasthenia-gravis\/depression-and-myasthenia-gravis\/","og_site_name":"AmeriPharma\u00ae Specialty Care","article_publisher":"https:\/\/www.facebook.com\/ameripharma\/","article_published_time":"2022-08-16T17:38:20+00:00","article_modified_time":"2024-05-16T17:39:26+00:00","og_image":[{"width":1280,"height":853,"url":"https:\/\/ameripharmaspecialty.com\/wp-content\/uploads\/2022\/08\/Depression-Patient.jpg","type":"image\/jpeg"}],"author":"Dr. Saba Rassouli, PharmD","twitter_card":"summary_large_image","twitter_misc":{"Written by":"Dr. Saba Rassouli, PharmD","Est. reading time":"4 minutos"},"schema":{"@context":"https:\/\/schema.org","@graph":[{"@type":"Article","@id":"https:\/\/ameripharmaspecialty.com\/myasthenia-gravis\/depression-and-myasthenia-gravis\/#article","isPartOf":{"@id":"https:\/\/ameripharmaspecialty.com\/myasthenia-gravis\/depression-and-myasthenia-gravis\/"},"author":{"name":"Dr. Saba Rassouli, PharmD","@id":"https:\/\/ameripharmaspecialty.com\/zh\/#\/schema\/person\/f70b3467e035aab4ae14bdadd64c5c01"},"headline":"How To Cope With Depression and Myasthenia Gravis","datePublished":"2022-08-16T17:38:20+00:00","dateModified":"2024-05-16T17:39:26+00:00","mainEntityOfPage":{"@id":"https:\/\/ameripharmaspecialty.com\/myasthenia-gravis\/depression-and-myasthenia-gravis\/"},"wordCount":680,"publisher":{"@id":"https:\/\/ameripharmaspecialty.com\/zh\/#organization"},"image":{"@id":"https:\/\/ameripharmaspecialty.com\/myasthenia-gravis\/depression-and-myasthenia-gravis\/#primaryimage"},"thumbnailUrl":"https:\/\/ameripharmaspecialty.com\/wp-content\/uploads\/2022\/08\/Depression-Patient.jpg","keywords":["Dr. Saba Rassouli"],"articleSection":["Myasthenia Gravis"],"inLanguage":"es"},{"@type":"WebPage","@id":"https:\/\/ameripharmaspecialty.com\/myasthenia-gravis\/depression-and-myasthenia-gravis\/","url":"https:\/\/ameripharmaspecialty.com\/myasthenia-gravis\/depression-and-myasthenia-gravis\/","name":"C\u00f3mo afrontar la depresi\u00f3n y la miastenia gravis","isPartOf":{"@id":"https:\/\/ameripharmaspecialty.com\/zh\/#website"},"primaryImageOfPage":{"@id":"https:\/\/ameripharmaspecialty.com\/myasthenia-gravis\/depression-and-myasthenia-gravis\/#primaryimage"},"image":{"@id":"https:\/\/ameripharmaspecialty.com\/myasthenia-gravis\/depression-and-myasthenia-gravis\/#primaryimage"},"thumbnailUrl":"https:\/\/ameripharmaspecialty.com\/wp-content\/uploads\/2022\/08\/Depression-Patient.jpg","datePublished":"2022-08-16T17:38:20+00:00","dateModified":"2024-05-16T17:39:26+00:00","description":"Este art\u00edculo ofrece consejos para afrontar la depresi\u00f3n y la miastenia gravis, y cubre temas como el ejercicio, la meditaci\u00f3n y otras estrategias.","breadcrumb":{"@id":"https:\/\/ameripharmaspecialty.com\/myasthenia-gravis\/depression-and-myasthenia-gravis\/#breadcrumb"},"inLanguage":"es","potentialAction":[{"@type":"ReadAction","target":["https:\/\/ameripharmaspecialty.com\/myasthenia-gravis\/depression-and-myasthenia-gravis\/"]}]},{"@type":"ImageObject","inLanguage":"es","@id":"https:\/\/ameripharmaspecialty.com\/myasthenia-gravis\/depression-and-myasthenia-gravis\/#primaryimage","url":"https:\/\/ameripharmaspecialty.com\/wp-content\/uploads\/2022\/08\/Depression-Patient.jpg","contentUrl":"https:\/\/ameripharmaspecialty.com\/wp-content\/uploads\/2022\/08\/Depression-Patient.jpg","width":1280,"height":853,"caption":"Depression Patient"},{"@type":"BreadcrumbList","@id":"https:\/\/ameripharmaspecialty.com\/myasthenia-gravis\/depression-and-myasthenia-gravis\/#breadcrumb","itemListElement":[{"@type":"ListItem","position":1,"name":"Home","item":"https:\/\/ameripharmaspecialty.com\/es\/"},{"@type":"ListItem","position":2,"name":"How To Cope With Depression and Myasthenia Gravis"}]},{"@type":"WebSite","@id":"https:\/\/ameripharmaspecialty.com\/zh\/#website","url":"https:\/\/ameripharmaspecialty.com\/zh\/","name":"Cuidado especializado AmeriPharma\u00ae","description":"Atenci\u00f3n especializada por AmeriPharma","publisher":{"@id":"https:\/\/ameripharmaspecialty.com\/zh\/#organization"},"potentialAction":[{"@type":"SearchAction","target":{"@type":"EntryPoint","urlTemplate":"https:\/\/ameripharmaspecialty.com\/zh\/?s={search_term_string}"},"query-input":{"@type":"PropertyValueSpecification","valueRequired":true,"valueName":"search_term_string"}}],"inLanguage":"es"},{"@type":"Organization","@id":"https:\/\/ameripharmaspecialty.com\/zh\/#organization","name":"Atenci\u00f3n especializada de Ameripharma","url":"https:\/\/ameripharmaspecialty.com\/zh\/","logo":{"@type":"ImageObject","inLanguage":"es","@id":"https:\/\/ameripharmaspecialty.com\/zh\/#\/schema\/logo\/image\/","url":"https:\/\/ameripharmaspecialty.com\/wp-content\/uploads\/2024\/07\/specialty-care-logo-large-square.png","contentUrl":"https:\/\/ameripharmaspecialty.com\/wp-content\/uploads\/2024\/07\/specialty-care-logo-large-square.png","width":400,"height":400,"caption":"Ameripharma Specialty Care"},"image":{"@id":"https:\/\/ameripharmaspecialty.com\/zh\/#\/schema\/logo\/image\/"},"sameAs":["https:\/\/www.facebook.com\/ameripharma\/"]},{"@type":"Person","@id":"https:\/\/ameripharmaspecialty.com\/zh\/#\/schema\/person\/f70b3467e035aab4ae14bdadd64c5c01","name":"Dra. Saba Rassouli, Farmac\u00e9utica","image":{"@type":"ImageObject","inLanguage":"es","@id":"https:\/\/secure.gravatar.com\/avatar\/a5087340dca0d3046e3ff88f5dfa11d515d21ea9e06e6aec23e56d7fddfee7ce?s=96&d=mm&r=g","url":"https:\/\/secure.gravatar.com\/avatar\/a5087340dca0d3046e3ff88f5dfa11d515d21ea9e06e6aec23e56d7fddfee7ce?s=96&d=mm&r=g","contentUrl":"https:\/\/secure.gravatar.com\/avatar\/a5087340dca0d3046e3ff88f5dfa11d515d21ea9e06e6aec23e56d7fddfee7ce?s=96&d=mm&r=g","caption":"Dr. Saba Rassouli, PharmD"},"description":"La Dra. Saba Rassouli, doctora en farmacia, naci\u00f3 y creci\u00f3 en Ir\u00e1n. Obtuvo su t\u00edtulo en farmacia en la Universidad Marshall B. Ketchum en 2022, donde se gradu\u00f3 con honores. Lo m\u00e1s gratificante de su trabajo es tener la oportunidad de atender a cada paciente como si fuera de su familia y escuchar lo contentos y satisfechos que est\u00e1n con los servicios de AmeriPharma. En su tiempo libre, le gusta pasear, leer y probar diferentes restaurantes y comidas.","url":"https:\/\/ameripharmaspecialty.com\/es\/author\/saba-rassouli\/"}]}},"uagb_featured_image_src":{"full":["https:\/\/ameripharmaspecialty.com\/wp-content\/uploads\/2022\/08\/Depression-Patient.jpg",1280,853,false],"thumbnail":["https:\/\/ameripharmaspecialty.com\/wp-content\/uploads\/2022\/08\/Depression-Patient-150x150.jpg",150,150,true],"medium":["https:\/\/ameripharmaspecialty.com\/wp-content\/uploads\/2022\/08\/Depression-Patient-300x200.jpg",300,200,true],"medium_large":["https:\/\/ameripharmaspecialty.com\/wp-content\/uploads\/2022\/08\/Depression-Patient-768x512.jpg",768,512,true],"large":["https:\/\/ameripharmaspecialty.com\/wp-content\/uploads\/2022\/08\/Depression-Patient-1024x682.jpg",1024,682,true],"1536x1536":["https:\/\/ameripharmaspecialty.com\/wp-content\/uploads\/2022\/08\/Depression-Patient.jpg",1280,853,false],"2048x2048":["https:\/\/ameripharmaspecialty.com\/wp-content\/uploads\/2022\/08\/Depression-Patient.jpg",1280,853,false],"trp-custom-language-flag":["https:\/\/ameripharmaspecialty.com\/wp-content\/uploads\/2022\/08\/Depression-Patient.jpg",18,12,false],"block-image-html-large":["https:\/\/ameripharmaspecialty.com\/wp-content\/uploads\/2022\/08\/Depression-Patient.jpg",600,400,false],"ct-gallery":["https:\/\/ameripharmaspecialty.com\/wp-content\/uploads\/2022\/08\/Depression-Patient-330x220.jpg",330,220,true],"ct-section-header":["https:\/\/ameripharmaspecialty.com\/wp-content\/uploads\/2022\/08\/Depression-Patient-1146x380.jpg",1146,380,true],"ct-thumb":["https:\/\/ameripharmaspecialty.com\/wp-content\/uploads\/2022\/08\/Depression-Patient-86x57.jpg",86,57,true],"ct-thumb-large":["https:\/\/ameripharmaspecialty.com\/wp-content\/uploads\/2022\/08\/Depression-Patient-167x111.jpg",167,111,true],"ct-small":["https:\/\/ameripharmaspecialty.com\/wp-content\/uploads\/2022\/08\/Depression-Patient-280x187.jpg",280,187,true],"ct-medium":["https:\/\/ameripharmaspecialty.com\/wp-content\/uploads\/2022\/08\/Depression-Patient-370x247.jpg",370,247,true],"ct-xmedium":["https:\/\/ameripharmaspecialty.com\/wp-content\/uploads\/2022\/08\/Depression-Patient-960x640.jpg",960,640,true],"ct-large":["https:\/\/ameripharmaspecialty.com\/wp-content\/uploads\/2022\/08\/Depression-Patient.jpg",1280,853,false]},"uagb_author_info":{"display_name":"Dr. Saba Rassouli, PharmD","author_link":"https:\/\/ameripharmaspecialty.com\/es\/author\/saba-rassouli\/"},"uagb_comment_info":0,"uagb_excerpt":"Living with chronic illness can be challenging, especially when dealing with an incurable and lifelong illness such as myasthenia gravis (MG). Myasthenia gravis is an autoimmune disease that causes skeletal muscle weakness by impeding the transmission of nerve impulses to muscle cells.","rttpg_featured_image_url":{"full":["https:\/\/ameripharmaspecialty.com\/wp-content\/uploads\/2022\/08\/Depression-Patient.jpg",1280,853,false],"landscape":["https:\/\/ameripharmaspecialty.com\/wp-content\/uploads\/2022\/08\/Depression-Patient.jpg",1280,853,false],"portraits":["https:\/\/ameripharmaspecialty.com\/wp-content\/uploads\/2022\/08\/Depression-Patient.jpg",1280,853,false],"thumbnail":["https:\/\/ameripharmaspecialty.com\/wp-content\/uploads\/2022\/08\/Depression-Patient-150x150.jpg",150,150,true],"medium":["https:\/\/ameripharmaspecialty.com\/wp-content\/uploads\/2022\/08\/Depression-Patient-300x200.jpg",300,200,true],"large":["https:\/\/ameripharmaspecialty.com\/wp-content\/uploads\/2022\/08\/Depression-Patient-1024x682.jpg",1024,682,true],"1536x1536":["https:\/\/ameripharmaspecialty.com\/wp-content\/uploads\/2022\/08\/Depression-Patient.jpg",1280,853,false],"2048x2048":["https:\/\/ameripharmaspecialty.com\/wp-content\/uploads\/2022\/08\/Depression-Patient.jpg",1280,853,false],"trp-custom-language-flag":["https:\/\/ameripharmaspecialty.com\/wp-content\/uploads\/2022\/08\/Depression-Patient.jpg",18,12,false],"block-image-html-large":["https:\/\/ameripharmaspecialty.com\/wp-content\/uploads\/2022\/08\/Depression-Patient.jpg",600,400,false],"ct-gallery":["https:\/\/ameripharmaspecialty.com\/wp-content\/uploads\/2022\/08\/Depression-Patient-330x220.jpg",330,220,true],"ct-section-header":["https:\/\/ameripharmaspecialty.com\/wp-content\/uploads\/2022\/08\/Depression-Patient-1146x380.jpg",1146,380,true],"ct-thumb":["https:\/\/ameripharmaspecialty.com\/wp-content\/uploads\/2022\/08\/Depression-Patient-86x57.jpg",86,57,true],"ct-thumb-large":["https:\/\/ameripharmaspecialty.com\/wp-content\/uploads\/2022\/08\/Depression-Patient-167x111.jpg",167,111,true],"ct-small":["https:\/\/ameripharmaspecialty.com\/wp-content\/uploads\/2022\/08\/Depression-Patient-280x187.jpg",280,187,true],"ct-medium":["https:\/\/ameripharmaspecialty.com\/wp-content\/uploads\/2022\/08\/Depression-Patient-370x247.jpg",370,247,true],"ct-xmedium":["https:\/\/ameripharmaspecialty.com\/wp-content\/uploads\/2022\/08\/Depression-Patient-960x640.jpg",960,640,true],"ct-large":["https:\/\/ameripharmaspecialty.com\/wp-content\/uploads\/2022\/08\/Depression-Patient.jpg",1280,853,false]},"rttpg_author":{"display_name":"Dr. Saba Rassouli, PharmD","author_link":"https:\/\/ameripharmaspecialty.com\/es\/author\/saba-rassouli\/"},"rttpg_comment":0,"rttpg_category":"<a href=\"https:\/\/ameripharmaspecialty.com\/es\/category\/myasthenia-gravis\/\" rel=\"category tag\">Myasthenia Gravis<\/a>","rttpg_excerpt":"Living with chronic illness can be challenging, especially when dealing with an incurable and lifelong illness such as myasthenia gravis (MG). Myasthenia gravis is an autoimmune disease that causes skeletal muscle weakness by impeding the transmission of nerve impulses to muscle cells.","_links":{"self":[{"href":"https:\/\/ameripharmaspecialty.com\/es\/wp-json\/wp\/v2\/posts\/20905","targetHints":{"allow":["GET"]}}],"collection":[{"href":"https:\/\/ameripharmaspecialty.com\/es\/wp-json\/wp\/v2\/posts"}],"about":[{"href":"https:\/\/ameripharmaspecialty.com\/es\/wp-json\/wp\/v2\/types\/post"}],"author":[{"embeddable":true,"href":"https:\/\/ameripharmaspecialty.com\/es\/wp-json\/wp\/v2\/users\/13"}],"replies":[{"embeddable":true,"href":"https:\/\/ameripharmaspecialty.com\/es\/wp-json\/wp\/v2\/comments?post=20905"}],"version-history":[{"count":0,"href":"https:\/\/ameripharmaspecialty.com\/es\/wp-json\/wp\/v2\/posts\/20905\/revisions"}],"wp:featuredmedia":[{"embeddable":true,"href":"https:\/\/ameripharmaspecialty.com\/es\/wp-json\/wp\/v2\/media\/20909"}],"wp:attachment":[{"href":"https:\/\/ameripharmaspecialty.com\/es\/wp-json\/wp\/v2\/media?parent=20905"}],"wp:term":[{"taxonomy":"category","embeddable":true,"href":"https:\/\/ameripharmaspecialty.com\/es\/wp-json\/wp\/v2\/categories?post=20905"},{"taxonomy":"post_tag","embeddable":true,"href":"https:\/\/ameripharmaspecialty.com\/es\/wp-json\/wp\/v2\/tags?post=20905"}],"curies":[{"name":"gracias","href":"https:\/\/api.w.org\/{rel}","templated":true}]}}