{"id":20748,"date":"2022-07-26T11:32:54","date_gmt":"2022-07-26T18:32:54","guid":{"rendered":"https:\/\/ameripharmaspe.wpengine.com\/?p=20748"},"modified":"2024-01-29T10:14:05","modified_gmt":"2024-01-29T10:14:05","slug":"myasthenia-gravis-life-expectancy-and-disease-course","status":"publish","type":"post","link":"https:\/\/ameripharmaspecialty.com\/es\/myasthenia-gravis\/myasthenia-gravis-life-expectancy-and-disease-course\/","title":{"rendered":"Miastenia gravis: esperanza de vida y evoluci\u00f3n de la enfermedad"},"content":{"rendered":"<h2 class=\"wp-block-heading\"><span style=\"font-weight: 400;\">Evoluci\u00f3n de la enfermedad de la miastenia gravis&nbsp;<\/span><\/h2>\n\n\n\n<p><span style=\"font-weight: 400;\">En la miastenia gravis (MG), el grado de debilidad y fatiga que experimenta el paciente puede variar cada d\u00eda. Los pacientes tienden a sentirse m\u00e1s fuertes por la ma\u00f1ana tras una noche de descanso completo y m\u00e1s d\u00e9biles por la noche.&nbsp;<\/span><\/p>\n\n\n\n<div  id=\"call-to-action-e112c0dcf6e208b54a5951ba501894af\" style=\"\" class=\"ct_call_to_action\">\n\t<div class=\"container\">\n\t\t<div class=\"block-wrap cta\">\n\t\t\t<div class=\"block-column\">\n\t\t\t\t<div class=\"cta_headings\">\n\t\t\t\t\t\t\t\t\t\t\t<h4 class=\"cta__heading\">\n\t\t\t\t\t\t\tObtenga asistencia para el copago de IgIV\t\t\t\t\t\t<\/h4>\n\t\t\t\t\t\t\t\t\t\t\t\t\t\t\t\t<span class=\"cta__sub__heading\">\n\t\t\t\t\t\t\tHabla con un especialista\t\t\t\t\t\t<\/span>\n\t\t\t\t\t\t\t\t\t<\/div>\n\t\t\t\t\t\t\t\t\t<span class=\"cta_btn\">\n\t\t\t\t\t\t<a href=\"tel:8777780318\">(877) 778-0318<\/a>\n\t\t\t\t\t\t\t\t\t\t\t<\/span>\n\t\t\t\t\t\t\t<\/div>\n\n\t\t<\/div>\n\t<\/div>\n<\/div>\n\n\n\n<p><span style=\"font-weight: 400;\">La gravedad de los s\u00edntomas suele aumentar con el tiempo y alcanza su punto m\u00e1ximo entre 1 y 3 a\u00f1os despu\u00e9s del inicio de la enfermedad. En un peque\u00f1o porcentaje de pacientes (aproximadamente 15%), la afecci\u00f3n persiste ocular. Sin embargo, en la mayor\u00eda de los casos, la afecci\u00f3n se generaliza.&nbsp;<\/span><\/p>\n\n\n\n<p><span style=\"font-weight: 400;\">La mayor\u00eda de los pacientes no experimentan una debilidad tan grave que requiera usar silla de ruedas constantemente. Adem\u00e1s, la mayor\u00eda de las personas con MG pueden mantener un estilo de vida f\u00edsicamente activo.&nbsp;<\/span><\/p>\n\n\n\n<p><span style=\"font-weight: 400;\">Aproximadamente el 20% de los pacientes con <\/span><a href=\"https:\/\/ameripharmaspecialty.com\/es\/myasthenia-gravis\/myasthenia-gravis\/\"><span style=\"font-weight: 400;\">MG<\/span><\/a><span style=\"font-weight: 400;\"> Pueden lograr la remisi\u00f3n, donde algunos o todos sus s\u00edntomas desaparecen. Sin embargo, la remisi\u00f3n puede no ser permanente y suele durar un promedio de 5 a\u00f1os. Es posible experimentar m\u00e1s de una remisi\u00f3n a lo largo de la vida. Algunas personas con MG pueden lograr periodos de remisi\u00f3n permanentes o prolongados que duran m\u00e1s de 20 a\u00f1os.<\/span><\/p>\n\n\n\n<p><span style=\"font-weight: 400;\">La MG puede afectar la calidad de vida de muchos pacientes. A menudo, los pacientes con MG tienen una calidad de vida inferior a la de la poblaci\u00f3n general. Diversos factores afectan la calidad de vida, entre ellos:&nbsp;<\/span><\/p>\n\n\n\n<ul class=\"wp-block-list\">\n<li><span style=\"font-weight: 400;\">Movilidad reducida<\/span><\/li>\n\n\n\n<li><span style=\"font-weight: 400;\">Depresi\u00f3n<\/span><\/li>\n\n\n\n<li><span style=\"font-weight: 400;\">bajos ingresos<\/span><\/li>\n\n\n\n<li><span style=\"font-weight: 400;\">p\u00e9rdida de empleo<\/span><\/li>\n\n\n\n<li><span style=\"font-weight: 400;\">Obesidad<\/span><\/li>\n<\/ul>\n\n\n\n<h2 class=\"wp-block-heading\"><span style=\"font-weight: 400;\">Esperanza de vida de la miastenia grave<\/span><\/h2>\n\n\n\n<p><span style=\"font-weight: 400;\">Los investigadores a\u00fan no han encontrado una cura para la miastenia gravis (MG). Afortunadamente, la mayor\u00eda de las personas con esta enfermedad tienen una esperanza de vida normal o casi normal.&nbsp;<\/span><\/p>\n\n\n\n<div  id=\"call-to-action-a3c72cfca249856e3eb2d96b799c33be\" style=\"\" class=\"ct_call_to_action\">\n\t<div class=\"container\">\n\t\t<div class=\"block-wrap cta\">\n\t\t\t<div class=\"block-column\">\n\t\t\t\t<div class=\"cta_headings\">\n\t\t\t\t\t\t\t\t\t\t\t<h4 class=\"cta__heading\">\n\t\t\t\t\t\t\tObtenga su dosis de IgIV\t\t\t\t\t\t<\/h4>\n\t\t\t\t\t\t\t\t\t\t\t\t\t\t\t\t<span class=\"cta__sub__heading\">\n\t\t\t\t\t\t\tInfusi\u00f3n en casa\t\t\t\t\t\t<\/span>\n\t\t\t\t\t\t\t\t\t<\/div>\n\t\t\t\t\t\t\t\t\t<span class=\"cta_btn\">\n\t\t\t\t\t\t<a href=\"#form\">Consulte a un especialista en IgIV<\/a>\n\t\t\t\t\t\t\t\t\t\t\t<\/span>\n\t\t\t\t\t\t\t<\/div>\n\n\t\t<\/div>\n\t<\/div>\n<\/div>\n\n\n\n<h2 class=\"wp-block-heading\"><span style=\"font-weight: 400;\">Factores que pueden aumentar el riesgo de muerte en personas con miastenia gravis<\/span><\/h2>\n\n\n\n<p><span style=\"font-weight: 400;\">Varios estudios sugieren que los siguientes factores pueden aumentar el riesgo de muerte:<\/span><\/p>\n\n\n\n<ul class=\"wp-block-list\">\n<li><span style=\"font-weight: 400;\">Ataque<\/span><\/li>\n\n\n\n<li><span style=\"font-weight: 400;\">Enfermedad pulmonar obstructiva cr\u00f3nica (<\/span><a href=\"https:\/\/www.cdc.gov\/copd\/index.html#:~:text=Chronic%20obstructive%20pulmonary%20disease%2C%20or,Americans%20who%20have%20this%20disease.\"><span style=\"font-weight: 400;\">EPOC<\/span><\/a><span style=\"font-weight: 400;\">)<\/span><\/li>\n\n\n\n<li><span style=\"font-weight: 400;\">Neumon\u00eda<\/span><\/li>\n\n\n\n<li><span style=\"font-weight: 400;\">Gripe<\/span><\/li>\n\n\n\n<li><span style=\"font-weight: 400;\">Diabetes<\/span><\/li>\n\n\n\n<li><span style=\"font-weight: 400;\">Ritmo card\u00edaco irregular (fibrilaci\u00f3n auricular)<\/span><\/li>\n\n\n\n<li><span style=\"font-weight: 400;\">Niveles altos de grasa en la sangre (hiperlipidemia)<\/span><\/li>\n\n\n\n<li><span style=\"font-weight: 400;\">Ataque card\u00edaco (infarto de miocardio)<\/span><\/li>\n\n\n\n<li><span style=\"font-weight: 400;\">Tumor maligno<\/span><\/li>\n<\/ul>","protected":false},"excerpt":{"rendered":"<p>En la miastenia gravis (MG), el grado de debilidad y fatiga que experimenta el paciente puede variar cada d\u00eda. Los pacientes tienden a sentirse m\u00e1s fuertes por la ma\u00f1ana tras una noche de descanso completo y m\u00e1s d\u00e9biles por la noche.\u00a0<\/p>","protected":false},"author":15,"featured_media":20749,"comment_status":"closed","ping_status":"closed","sticky":false,"template":"","format":"standard","meta":{"_acf_changed":false,"om_disable_all_campaigns":false,"_uag_custom_page_level_css":"","footnotes":""},"categories":[10],"tags":[19],"class_list":["post-20748","post","type-post","status-publish","format-standard","has-post-thumbnail","hentry","category-myasthenia-gravis","tag-dr-rachel-chang"],"acf":[],"yoast_head":"<!-- This site is optimized with the Yoast SEO plugin v27.5 - https:\/\/yoast.com\/product\/yoast-seo-wordpress\/ -->\n<title>Myasthenia Gravis Life Expectancy and Disease Course<\/title>\n<meta name=\"description\" content=\"This post addresses myasthenia gravis life expectancy and disease course and also includes factors that increase death risk in MG patients.\" \/>\n<meta name=\"robots\" content=\"index, follow, max-snippet:-1, max-image-preview:large, max-video-preview:-1\" \/>\n<link rel=\"canonical\" href=\"https:\/\/ameripharmaspecialty.com\/es\/myasthenia-gravis\/myasthenia-gravis-life-expectancy-and-disease-course\/\" \/>\n<meta property=\"og:locale\" content=\"es_MX\" \/>\n<meta property=\"og:type\" content=\"article\" \/>\n<meta property=\"og:title\" content=\"Myasthenia Gravis Life Expectancy and Disease Course\" \/>\n<meta property=\"og:description\" content=\"This post addresses myasthenia gravis life expectancy and disease course and also includes factors that increase death risk in MG patients.\" \/>\n<meta property=\"og:url\" content=\"https:\/\/ameripharmaspecialty.com\/es\/myasthenia-gravis\/myasthenia-gravis-life-expectancy-and-disease-course\/\" \/>\n<meta property=\"og:site_name\" content=\"AmeriPharma\u00ae Specialty Care\" \/>\n<meta property=\"article:publisher\" content=\"https:\/\/www.facebook.com\/ameripharma\/\" \/>\n<meta property=\"article:published_time\" content=\"2022-07-26T18:32:54+00:00\" \/>\n<meta property=\"article:modified_time\" content=\"2024-01-29T10:14:05+00:00\" \/>\n<meta property=\"og:image\" content=\"https:\/\/ameripharmaspecialty.com\/wp-content\/uploads\/2022\/07\/myasthenia-gravis-patient.jpg\" \/>\n\t<meta property=\"og:image:width\" content=\"1280\" \/>\n\t<meta property=\"og:image:height\" content=\"853\" \/>\n\t<meta property=\"og:image:type\" content=\"image\/jpeg\" \/>\n<meta name=\"author\" content=\"Dr. Rachel Chang, PharmD\" \/>\n<meta name=\"twitter:card\" content=\"summary_large_image\" \/>\n<meta name=\"twitter:label1\" content=\"Written by\" \/>\n\t<meta name=\"twitter:data1\" content=\"Dr. Rachel Chang, PharmD\" \/>\n\t<meta name=\"twitter:label2\" content=\"Est. reading time\" \/>\n\t<meta name=\"twitter:data2\" content=\"2 minutos\" \/>\n<script type=\"application\/ld+json\" class=\"yoast-schema-graph\">{\"@context\":\"https:\\\/\\\/schema.org\",\"@graph\":[{\"@type\":\"Article\",\"@id\":\"https:\\\/\\\/ameripharmaspecialty.com\\\/myasthenia-gravis\\\/myasthenia-gravis-life-expectancy-and-disease-course\\\/#article\",\"isPartOf\":{\"@id\":\"https:\\\/\\\/ameripharmaspecialty.com\\\/myasthenia-gravis\\\/myasthenia-gravis-life-expectancy-and-disease-course\\\/\"},\"author\":{\"name\":\"Dr. Rachel Chang, PharmD\",\"@id\":\"https:\\\/\\\/ameripharmaspecialty.com\\\/es\\\/#\\\/schema\\\/person\\\/434b2e8d9065aae5f06dbb47a6fd2b5d\"},\"headline\":\"Myasthenia Gravis Life Expectancy and Disease Course\",\"datePublished\":\"2022-07-26T18:32:54+00:00\",\"dateModified\":\"2024-01-29T10:14:05+00:00\",\"mainEntityOfPage\":{\"@id\":\"https:\\\/\\\/ameripharmaspecialty.com\\\/myasthenia-gravis\\\/myasthenia-gravis-life-expectancy-and-disease-course\\\/\"},\"wordCount\":307,\"publisher\":{\"@id\":\"https:\\\/\\\/ameripharmaspecialty.com\\\/es\\\/#organization\"},\"image\":{\"@id\":\"https:\\\/\\\/ameripharmaspecialty.com\\\/myasthenia-gravis\\\/myasthenia-gravis-life-expectancy-and-disease-course\\\/#primaryimage\"},\"thumbnailUrl\":\"https:\\\/\\\/ameripharmaspecialty.com\\\/wp-content\\\/uploads\\\/2022\\\/07\\\/myasthenia-gravis-patient.jpg\",\"keywords\":[\"Dr. Rachel Chang\"],\"articleSection\":[\"Myasthenia Gravis\"],\"inLanguage\":\"es\"},{\"@type\":\"WebPage\",\"@id\":\"https:\\\/\\\/ameripharmaspecialty.com\\\/myasthenia-gravis\\\/myasthenia-gravis-life-expectancy-and-disease-course\\\/\",\"url\":\"https:\\\/\\\/ameripharmaspecialty.com\\\/myasthenia-gravis\\\/myasthenia-gravis-life-expectancy-and-disease-course\\\/\",\"name\":\"Myasthenia Gravis Life Expectancy and Disease Course\",\"isPartOf\":{\"@id\":\"https:\\\/\\\/ameripharmaspecialty.com\\\/es\\\/#website\"},\"primaryImageOfPage\":{\"@id\":\"https:\\\/\\\/ameripharmaspecialty.com\\\/myasthenia-gravis\\\/myasthenia-gravis-life-expectancy-and-disease-course\\\/#primaryimage\"},\"image\":{\"@id\":\"https:\\\/\\\/ameripharmaspecialty.com\\\/myasthenia-gravis\\\/myasthenia-gravis-life-expectancy-and-disease-course\\\/#primaryimage\"},\"thumbnailUrl\":\"https:\\\/\\\/ameripharmaspecialty.com\\\/wp-content\\\/uploads\\\/2022\\\/07\\\/myasthenia-gravis-patient.jpg\",\"datePublished\":\"2022-07-26T18:32:54+00:00\",\"dateModified\":\"2024-01-29T10:14:05+00:00\",\"description\":\"This post addresses myasthenia gravis life expectancy and disease course and also includes factors that increase death risk in MG patients.\",\"breadcrumb\":{\"@id\":\"https:\\\/\\\/ameripharmaspecialty.com\\\/myasthenia-gravis\\\/myasthenia-gravis-life-expectancy-and-disease-course\\\/#breadcrumb\"},\"inLanguage\":\"es\",\"potentialAction\":[{\"@type\":\"ReadAction\",\"target\":[\"https:\\\/\\\/ameripharmaspecialty.com\\\/myasthenia-gravis\\\/myasthenia-gravis-life-expectancy-and-disease-course\\\/\"]}]},{\"@type\":\"ImageObject\",\"inLanguage\":\"es\",\"@id\":\"https:\\\/\\\/ameripharmaspecialty.com\\\/myasthenia-gravis\\\/myasthenia-gravis-life-expectancy-and-disease-course\\\/#primaryimage\",\"url\":\"https:\\\/\\\/ameripharmaspecialty.com\\\/wp-content\\\/uploads\\\/2022\\\/07\\\/myasthenia-gravis-patient.jpg\",\"contentUrl\":\"https:\\\/\\\/ameripharmaspecialty.com\\\/wp-content\\\/uploads\\\/2022\\\/07\\\/myasthenia-gravis-patient.jpg\",\"width\":1280,\"height\":853,\"caption\":\"Myasthenia Gravis Patient\"},{\"@type\":\"BreadcrumbList\",\"@id\":\"https:\\\/\\\/ameripharmaspecialty.com\\\/myasthenia-gravis\\\/myasthenia-gravis-life-expectancy-and-disease-course\\\/#breadcrumb\",\"itemListElement\":[{\"@type\":\"ListItem\",\"position\":1,\"name\":\"Home\",\"item\":\"https:\\\/\\\/ameripharmaspecialty.com\\\/zh\\\/\"},{\"@type\":\"ListItem\",\"position\":2,\"name\":\"Myasthenia Gravis Life Expectancy and Disease Course\"}]},{\"@type\":\"WebSite\",\"@id\":\"https:\\\/\\\/ameripharmaspecialty.com\\\/es\\\/#website\",\"url\":\"https:\\\/\\\/ameripharmaspecialty.com\\\/es\\\/\",\"name\":\"AmeriPharma\u00ae Specialty Care\",\"description\":\"Specialty Care by AmeriPharma\",\"publisher\":{\"@id\":\"https:\\\/\\\/ameripharmaspecialty.com\\\/es\\\/#organization\"},\"potentialAction\":[{\"@type\":\"SearchAction\",\"target\":{\"@type\":\"EntryPoint\",\"urlTemplate\":\"https:\\\/\\\/ameripharmaspecialty.com\\\/es\\\/?s={search_term_string}\"},\"query-input\":{\"@type\":\"PropertyValueSpecification\",\"valueRequired\":true,\"valueName\":\"search_term_string\"}}],\"inLanguage\":\"es\"},{\"@type\":\"Organization\",\"@id\":\"https:\\\/\\\/ameripharmaspecialty.com\\\/es\\\/#organization\",\"name\":\"Ameripharma Specialty Care\",\"url\":\"https:\\\/\\\/ameripharmaspecialty.com\\\/es\\\/\",\"logo\":{\"@type\":\"ImageObject\",\"inLanguage\":\"es\",\"@id\":\"https:\\\/\\\/ameripharmaspecialty.com\\\/es\\\/#\\\/schema\\\/logo\\\/image\\\/\",\"url\":\"https:\\\/\\\/ameripharmaspecialty.com\\\/wp-content\\\/uploads\\\/2024\\\/07\\\/specialty-care-logo-large-square.png\",\"contentUrl\":\"https:\\\/\\\/ameripharmaspecialty.com\\\/wp-content\\\/uploads\\\/2024\\\/07\\\/specialty-care-logo-large-square.png\",\"width\":400,\"height\":400,\"caption\":\"Ameripharma Specialty Care\"},\"image\":{\"@id\":\"https:\\\/\\\/ameripharmaspecialty.com\\\/es\\\/#\\\/schema\\\/logo\\\/image\\\/\"},\"sameAs\":[\"https:\\\/\\\/www.facebook.com\\\/ameripharma\\\/\"]},{\"@type\":\"Person\",\"@id\":\"https:\\\/\\\/ameripharmaspecialty.com\\\/es\\\/#\\\/schema\\\/person\\\/434b2e8d9065aae5f06dbb47a6fd2b5d\",\"name\":\"Dr. Rachel Chang, PharmD\",\"image\":{\"@type\":\"ImageObject\",\"inLanguage\":\"es\",\"@id\":\"https:\\\/\\\/secure.gravatar.com\\\/avatar\\\/c3ae6774f18bef8df05c572338b8557af3dd277fe9085abf2bc96503ecb5eb65?s=96&d=mm&r=g\",\"url\":\"https:\\\/\\\/secure.gravatar.com\\\/avatar\\\/c3ae6774f18bef8df05c572338b8557af3dd277fe9085abf2bc96503ecb5eb65?s=96&d=mm&r=g\",\"contentUrl\":\"https:\\\/\\\/secure.gravatar.com\\\/avatar\\\/c3ae6774f18bef8df05c572338b8557af3dd277fe9085abf2bc96503ecb5eb65?s=96&d=mm&r=g\",\"caption\":\"Dr. Rachel Chang, PharmD\"},\"description\":\"Dr. Rachel Chang, PharmD was born and raised in Hawaii. She received her degree from Marshall B. Ketchum University in 2022, where she graduated with cum laude honors. The most rewarding part of her job is the connections she makes with each patient. She enjoys speaking with each patient and helping them achieve the best treatment possible. In her free time, she likes spending time with her family, traveling, fishing, and mountain biking.\",\"url\":\"https:\\\/\\\/ameripharmaspecialty.com\\\/es\\\/author\\\/rachel\\\/\"}]}<\/script>\n<!-- \/ Yoast SEO plugin. -->","yoast_head_json":{"title":"Miastenia gravis: esperanza de vida y evoluci\u00f3n de la enfermedad","description":"Esta publicaci\u00f3n aborda la esperanza de vida y la evoluci\u00f3n de la enfermedad en pacientes con miastenia gravis y tambi\u00e9n incluye los factores que aumentan el riesgo de muerte en pacientes con MG.","robots":{"index":"index","follow":"follow","max-snippet":"max-snippet:-1","max-image-preview":"max-image-preview:large","max-video-preview":"max-video-preview:-1"},"canonical":"https:\/\/ameripharmaspecialty.com\/es\/myasthenia-gravis\/myasthenia-gravis-life-expectancy-and-disease-course\/","og_locale":"es_MX","og_type":"article","og_title":"Myasthenia Gravis Life Expectancy and Disease Course","og_description":"This post addresses myasthenia gravis life expectancy and disease course and also includes factors that increase death risk in MG patients.","og_url":"https:\/\/ameripharmaspecialty.com\/es\/myasthenia-gravis\/myasthenia-gravis-life-expectancy-and-disease-course\/","og_site_name":"AmeriPharma\u00ae Specialty Care","article_publisher":"https:\/\/www.facebook.com\/ameripharma\/","article_published_time":"2022-07-26T18:32:54+00:00","article_modified_time":"2024-01-29T10:14:05+00:00","og_image":[{"width":1280,"height":853,"url":"https:\/\/ameripharmaspecialty.com\/wp-content\/uploads\/2022\/07\/myasthenia-gravis-patient.jpg","type":"image\/jpeg"}],"author":"Dr. Rachel Chang, PharmD","twitter_card":"summary_large_image","twitter_misc":{"Written by":"Dr. Rachel Chang, PharmD","Est. reading time":"2 minutos"},"schema":{"@context":"https:\/\/schema.org","@graph":[{"@type":"Article","@id":"https:\/\/ameripharmaspecialty.com\/myasthenia-gravis\/myasthenia-gravis-life-expectancy-and-disease-course\/#article","isPartOf":{"@id":"https:\/\/ameripharmaspecialty.com\/myasthenia-gravis\/myasthenia-gravis-life-expectancy-and-disease-course\/"},"author":{"name":"Dr. Rachel Chang, PharmD","@id":"https:\/\/ameripharmaspecialty.com\/es\/#\/schema\/person\/434b2e8d9065aae5f06dbb47a6fd2b5d"},"headline":"Myasthenia Gravis Life Expectancy and Disease Course","datePublished":"2022-07-26T18:32:54+00:00","dateModified":"2024-01-29T10:14:05+00:00","mainEntityOfPage":{"@id":"https:\/\/ameripharmaspecialty.com\/myasthenia-gravis\/myasthenia-gravis-life-expectancy-and-disease-course\/"},"wordCount":307,"publisher":{"@id":"https:\/\/ameripharmaspecialty.com\/es\/#organization"},"image":{"@id":"https:\/\/ameripharmaspecialty.com\/myasthenia-gravis\/myasthenia-gravis-life-expectancy-and-disease-course\/#primaryimage"},"thumbnailUrl":"https:\/\/ameripharmaspecialty.com\/wp-content\/uploads\/2022\/07\/myasthenia-gravis-patient.jpg","keywords":["Dr. Rachel Chang"],"articleSection":["Myasthenia Gravis"],"inLanguage":"es"},{"@type":"WebPage","@id":"https:\/\/ameripharmaspecialty.com\/myasthenia-gravis\/myasthenia-gravis-life-expectancy-and-disease-course\/","url":"https:\/\/ameripharmaspecialty.com\/myasthenia-gravis\/myasthenia-gravis-life-expectancy-and-disease-course\/","name":"Miastenia gravis: esperanza de vida y evoluci\u00f3n de la enfermedad","isPartOf":{"@id":"https:\/\/ameripharmaspecialty.com\/es\/#website"},"primaryImageOfPage":{"@id":"https:\/\/ameripharmaspecialty.com\/myasthenia-gravis\/myasthenia-gravis-life-expectancy-and-disease-course\/#primaryimage"},"image":{"@id":"https:\/\/ameripharmaspecialty.com\/myasthenia-gravis\/myasthenia-gravis-life-expectancy-and-disease-course\/#primaryimage"},"thumbnailUrl":"https:\/\/ameripharmaspecialty.com\/wp-content\/uploads\/2022\/07\/myasthenia-gravis-patient.jpg","datePublished":"2022-07-26T18:32:54+00:00","dateModified":"2024-01-29T10:14:05+00:00","description":"Esta publicaci\u00f3n aborda la esperanza de vida y la evoluci\u00f3n de la enfermedad en pacientes con miastenia gravis y tambi\u00e9n incluye los factores que aumentan el riesgo de muerte en pacientes con MG.","breadcrumb":{"@id":"https:\/\/ameripharmaspecialty.com\/myasthenia-gravis\/myasthenia-gravis-life-expectancy-and-disease-course\/#breadcrumb"},"inLanguage":"es","potentialAction":[{"@type":"ReadAction","target":["https:\/\/ameripharmaspecialty.com\/myasthenia-gravis\/myasthenia-gravis-life-expectancy-and-disease-course\/"]}]},{"@type":"ImageObject","inLanguage":"es","@id":"https:\/\/ameripharmaspecialty.com\/myasthenia-gravis\/myasthenia-gravis-life-expectancy-and-disease-course\/#primaryimage","url":"https:\/\/ameripharmaspecialty.com\/wp-content\/uploads\/2022\/07\/myasthenia-gravis-patient.jpg","contentUrl":"https:\/\/ameripharmaspecialty.com\/wp-content\/uploads\/2022\/07\/myasthenia-gravis-patient.jpg","width":1280,"height":853,"caption":"Myasthenia Gravis Patient"},{"@type":"BreadcrumbList","@id":"https:\/\/ameripharmaspecialty.com\/myasthenia-gravis\/myasthenia-gravis-life-expectancy-and-disease-course\/#breadcrumb","itemListElement":[{"@type":"ListItem","position":1,"name":"Home","item":"https:\/\/ameripharmaspecialty.com\/zh\/"},{"@type":"ListItem","position":2,"name":"Myasthenia Gravis Life Expectancy and Disease Course"}]},{"@type":"WebSite","@id":"https:\/\/ameripharmaspecialty.com\/es\/#website","url":"https:\/\/ameripharmaspecialty.com\/es\/","name":"Cuidado especializado AmeriPharma\u00ae","description":"Atenci\u00f3n especializada por AmeriPharma","publisher":{"@id":"https:\/\/ameripharmaspecialty.com\/es\/#organization"},"potentialAction":[{"@type":"SearchAction","target":{"@type":"EntryPoint","urlTemplate":"https:\/\/ameripharmaspecialty.com\/es\/?s={search_term_string}"},"query-input":{"@type":"PropertyValueSpecification","valueRequired":true,"valueName":"search_term_string"}}],"inLanguage":"es"},{"@type":"Organization","@id":"https:\/\/ameripharmaspecialty.com\/es\/#organization","name":"Atenci\u00f3n especializada de Ameripharma","url":"https:\/\/ameripharmaspecialty.com\/es\/","logo":{"@type":"ImageObject","inLanguage":"es","@id":"https:\/\/ameripharmaspecialty.com\/es\/#\/schema\/logo\/image\/","url":"https:\/\/ameripharmaspecialty.com\/wp-content\/uploads\/2024\/07\/specialty-care-logo-large-square.png","contentUrl":"https:\/\/ameripharmaspecialty.com\/wp-content\/uploads\/2024\/07\/specialty-care-logo-large-square.png","width":400,"height":400,"caption":"Ameripharma Specialty Care"},"image":{"@id":"https:\/\/ameripharmaspecialty.com\/es\/#\/schema\/logo\/image\/"},"sameAs":["https:\/\/www.facebook.com\/ameripharma\/"]},{"@type":"Person","@id":"https:\/\/ameripharmaspecialty.com\/es\/#\/schema\/person\/434b2e8d9065aae5f06dbb47a6fd2b5d","name":"Dra. Rachel Chang, Farmac\u00e9utica","image":{"@type":"ImageObject","inLanguage":"es","@id":"https:\/\/secure.gravatar.com\/avatar\/c3ae6774f18bef8df05c572338b8557af3dd277fe9085abf2bc96503ecb5eb65?s=96&d=mm&r=g","url":"https:\/\/secure.gravatar.com\/avatar\/c3ae6774f18bef8df05c572338b8557af3dd277fe9085abf2bc96503ecb5eb65?s=96&d=mm&r=g","contentUrl":"https:\/\/secure.gravatar.com\/avatar\/c3ae6774f18bef8df05c572338b8557af3dd277fe9085abf2bc96503ecb5eb65?s=96&d=mm&r=g","caption":"Dr. Rachel Chang, PharmD"},"description":"La Dra. Rachel Chang, doctora en farmacia, naci\u00f3 y creci\u00f3 en Haw\u00e1i. Se gradu\u00f3 con honores cum laude en la Universidad Marshall B. Ketchum en 2022. Lo m\u00e1s gratificante de su trabajo es la conexi\u00f3n que establece con cada paciente. Disfruta hablando con cada paciente y ayud\u00e1ndolos a obtener el mejor tratamiento posible. En su tiempo libre, le gusta pasar tiempo con su familia, viajar, pescar y practicar ciclismo de monta\u00f1a.","url":"https:\/\/ameripharmaspecialty.com\/es\/author\/rachel\/"}]}},"uagb_featured_image_src":{"full":["https:\/\/ameripharmaspecialty.com\/wp-content\/uploads\/2022\/07\/myasthenia-gravis-patient.jpg",1280,853,false],"thumbnail":["https:\/\/ameripharmaspecialty.com\/wp-content\/uploads\/2022\/07\/myasthenia-gravis-patient-150x150.jpg",150,150,true],"medium":["https:\/\/ameripharmaspecialty.com\/wp-content\/uploads\/2022\/07\/myasthenia-gravis-patient-300x200.jpg",300,200,true],"medium_large":["https:\/\/ameripharmaspecialty.com\/wp-content\/uploads\/2022\/07\/myasthenia-gravis-patient-768x512.jpg",768,512,true],"large":["https:\/\/ameripharmaspecialty.com\/wp-content\/uploads\/2022\/07\/myasthenia-gravis-patient-1024x682.jpg",1024,682,true],"1536x1536":["https:\/\/ameripharmaspecialty.com\/wp-content\/uploads\/2022\/07\/myasthenia-gravis-patient.jpg",1280,853,false],"2048x2048":["https:\/\/ameripharmaspecialty.com\/wp-content\/uploads\/2022\/07\/myasthenia-gravis-patient.jpg",1280,853,false],"trp-custom-language-flag":["https:\/\/ameripharmaspecialty.com\/wp-content\/uploads\/2022\/07\/myasthenia-gravis-patient.jpg",18,12,false],"block-image-html-large":["https:\/\/ameripharmaspecialty.com\/wp-content\/uploads\/2022\/07\/myasthenia-gravis-patient.jpg",600,400,false],"ct-gallery":["https:\/\/ameripharmaspecialty.com\/wp-content\/uploads\/2022\/07\/myasthenia-gravis-patient-330x220.jpg",330,220,true],"ct-section-header":["https:\/\/ameripharmaspecialty.com\/wp-content\/uploads\/2022\/07\/myasthenia-gravis-patient-1146x380.jpg",1146,380,true],"ct-thumb":["https:\/\/ameripharmaspecialty.com\/wp-content\/uploads\/2022\/07\/myasthenia-gravis-patient-86x57.jpg",86,57,true],"ct-thumb-large":["https:\/\/ameripharmaspecialty.com\/wp-content\/uploads\/2022\/07\/myasthenia-gravis-patient-167x111.jpg",167,111,true],"ct-small":["https:\/\/ameripharmaspecialty.com\/wp-content\/uploads\/2022\/07\/myasthenia-gravis-patient-280x187.jpg",280,187,true],"ct-medium":["https:\/\/ameripharmaspecialty.com\/wp-content\/uploads\/2022\/07\/myasthenia-gravis-patient-370x247.jpg",370,247,true],"ct-xmedium":["https:\/\/ameripharmaspecialty.com\/wp-content\/uploads\/2022\/07\/myasthenia-gravis-patient-960x640.jpg",960,640,true],"ct-large":["https:\/\/ameripharmaspecialty.com\/wp-content\/uploads\/2022\/07\/myasthenia-gravis-patient.jpg",1280,853,false]},"uagb_author_info":{"display_name":"Dr. Rachel Chang, PharmD","author_link":"https:\/\/ameripharmaspecialty.com\/es\/author\/rachel\/"},"uagb_comment_info":0,"uagb_excerpt":"In myasthenia gravis (MG), the degree of weakness and fatigue experienced by the patient can vary each day. Patients tend to feel strongest in the morning following a full night\u2019s rest and feel weaker at night.\u00a0","rttpg_featured_image_url":{"full":["https:\/\/ameripharmaspecialty.com\/wp-content\/uploads\/2022\/07\/myasthenia-gravis-patient.jpg",1280,853,false],"landscape":["https:\/\/ameripharmaspecialty.com\/wp-content\/uploads\/2022\/07\/myasthenia-gravis-patient.jpg",1280,853,false],"portraits":["https:\/\/ameripharmaspecialty.com\/wp-content\/uploads\/2022\/07\/myasthenia-gravis-patient.jpg",1280,853,false],"thumbnail":["https:\/\/ameripharmaspecialty.com\/wp-content\/uploads\/2022\/07\/myasthenia-gravis-patient-150x150.jpg",150,150,true],"medium":["https:\/\/ameripharmaspecialty.com\/wp-content\/uploads\/2022\/07\/myasthenia-gravis-patient-300x200.jpg",300,200,true],"large":["https:\/\/ameripharmaspecialty.com\/wp-content\/uploads\/2022\/07\/myasthenia-gravis-patient-1024x682.jpg",1024,682,true],"1536x1536":["https:\/\/ameripharmaspecialty.com\/wp-content\/uploads\/2022\/07\/myasthenia-gravis-patient.jpg",1280,853,false],"2048x2048":["https:\/\/ameripharmaspecialty.com\/wp-content\/uploads\/2022\/07\/myasthenia-gravis-patient.jpg",1280,853,false],"trp-custom-language-flag":["https:\/\/ameripharmaspecialty.com\/wp-content\/uploads\/2022\/07\/myasthenia-gravis-patient.jpg",18,12,false],"block-image-html-large":["https:\/\/ameripharmaspecialty.com\/wp-content\/uploads\/2022\/07\/myasthenia-gravis-patient.jpg",600,400,false],"ct-gallery":["https:\/\/ameripharmaspecialty.com\/wp-content\/uploads\/2022\/07\/myasthenia-gravis-patient-330x220.jpg",330,220,true],"ct-section-header":["https:\/\/ameripharmaspecialty.com\/wp-content\/uploads\/2022\/07\/myasthenia-gravis-patient-1146x380.jpg",1146,380,true],"ct-thumb":["https:\/\/ameripharmaspecialty.com\/wp-content\/uploads\/2022\/07\/myasthenia-gravis-patient-86x57.jpg",86,57,true],"ct-thumb-large":["https:\/\/ameripharmaspecialty.com\/wp-content\/uploads\/2022\/07\/myasthenia-gravis-patient-167x111.jpg",167,111,true],"ct-small":["https:\/\/ameripharmaspecialty.com\/wp-content\/uploads\/2022\/07\/myasthenia-gravis-patient-280x187.jpg",280,187,true],"ct-medium":["https:\/\/ameripharmaspecialty.com\/wp-content\/uploads\/2022\/07\/myasthenia-gravis-patient-370x247.jpg",370,247,true],"ct-xmedium":["https:\/\/ameripharmaspecialty.com\/wp-content\/uploads\/2022\/07\/myasthenia-gravis-patient-960x640.jpg",960,640,true],"ct-large":["https:\/\/ameripharmaspecialty.com\/wp-content\/uploads\/2022\/07\/myasthenia-gravis-patient.jpg",1280,853,false]},"rttpg_author":{"display_name":"Dr. Rachel Chang, PharmD","author_link":"https:\/\/ameripharmaspecialty.com\/es\/author\/rachel\/"},"rttpg_comment":0,"rttpg_category":"<a href=\"https:\/\/ameripharmaspecialty.com\/es\/category\/myasthenia-gravis\/\" rel=\"category tag\">Myasthenia Gravis<\/a>","rttpg_excerpt":"In myasthenia gravis (MG), the degree of weakness and fatigue experienced by the patient can vary each day. Patients tend to feel strongest in the morning following a full night\u2019s rest and feel weaker at night.\u00a0","_links":{"self":[{"href":"https:\/\/ameripharmaspecialty.com\/es\/wp-json\/wp\/v2\/posts\/20748","targetHints":{"allow":["GET"]}}],"collection":[{"href":"https:\/\/ameripharmaspecialty.com\/es\/wp-json\/wp\/v2\/posts"}],"about":[{"href":"https:\/\/ameripharmaspecialty.com\/es\/wp-json\/wp\/v2\/types\/post"}],"author":[{"embeddable":true,"href":"https:\/\/ameripharmaspecialty.com\/es\/wp-json\/wp\/v2\/users\/15"}],"replies":[{"embeddable":true,"href":"https:\/\/ameripharmaspecialty.com\/es\/wp-json\/wp\/v2\/comments?post=20748"}],"version-history":[{"count":0,"href":"https:\/\/ameripharmaspecialty.com\/es\/wp-json\/wp\/v2\/posts\/20748\/revisions"}],"wp:featuredmedia":[{"embeddable":true,"href":"https:\/\/ameripharmaspecialty.com\/es\/wp-json\/wp\/v2\/media\/20749"}],"wp:attachment":[{"href":"https:\/\/ameripharmaspecialty.com\/es\/wp-json\/wp\/v2\/media?parent=20748"}],"wp:term":[{"taxonomy":"category","embeddable":true,"href":"https:\/\/ameripharmaspecialty.com\/es\/wp-json\/wp\/v2\/categories?post=20748"},{"taxonomy":"post_tag","embeddable":true,"href":"https:\/\/ameripharmaspecialty.com\/es\/wp-json\/wp\/v2\/tags?post=20748"}],"curies":[{"name":"gracias","href":"https:\/\/api.w.org\/{rel}","templated":true}]}}