{"id":20643,"date":"2022-07-06T12:47:01","date_gmt":"2022-07-06T19:47:01","guid":{"rendered":"https:\/\/ameripharmaspe.wpengine.com\/staging\/?p=19303"},"modified":"2026-04-16T15:51:44","modified_gmt":"2026-04-16T22:51:44","slug":"myasthenia-gravis-symptoms-and-complications","status":"publish","type":"post","link":"https:\/\/ameripharmaspecialty.com\/es\/myasthenia-gravis\/myasthenia-gravis-symptoms-and-complications\/","title":{"rendered":"S\u00edntomas y complicaciones de la miastenia grave"},"content":{"rendered":"<div id=\"ez-toc-container\" class=\"ez-toc-v2_0_82_2 counter-hierarchy ez-toc-counter ez-toc-custom ez-toc-container-direction\">\n<div class=\"ez-toc-title-container\">\n<span class=\"ez-toc-title-toggle\"><a href=\"#\" class=\"ez-toc-pull-right ez-toc-btn ez-toc-btn-xs ez-toc-btn-default ez-toc-toggle\" aria-label=\"Alternar tabla de contenido\"><span class=\"ez-toc-js-icon-con\"><span class=\"\"><span class=\"eztoc-hide\" style=\"display:none;\">Palanca<\/span><span class=\"ez-toc-icon-toggle-span\"><svg style=\"fill: #999;color:#999\" xmlns=\"http:\/\/www.w3.org\/2000\/svg\" class=\"list-377408\" width=\"20px\" height=\"20px\" viewbox=\"0 0 24 24\" fill=\"none\"><path d=\"M6 6H4v2h2V6zm14 0H8v2h12V6zM4 11h2v2H4v-2zm16 0H8v2h12v-2zM4 16h2v2H4v-2zm16 0H8v2h12v-2z\" fill=\"currentColor\"><\/path><\/svg><svg style=\"fill: #999;color:#999\" class=\"arrow-unsorted-368013\" xmlns=\"http:\/\/www.w3.org\/2000\/svg\" width=\"10px\" height=\"10px\" viewbox=\"0 0 24 24\" version=\"1.2\" baseprofile=\"tiny\"><path d=\"M18.2 9.3l-6.2-6.3-6.2 6.3c-.2.2-.3.4-.3.7s.1.5.3.7c.2.2.4.3.7.3h11c.3 0 .5-.1.7-.3.2-.2.3-.5.3-.7s-.1-.5-.3-.7zM5.8 14.7l6.2 6.3 6.2-6.3c.2-.2.3-.5.3-.7s-.1-.5-.3-.7c-.2-.2-.4-.3-.7-.3h-11c-.3 0-.5.1-.7.3-.2.2-.3.5-.3.7s.1.5.3.7z\"\/><\/svg><\/span><\/span><\/span><\/a><\/span><\/div>\n<nav><ul class='ez-toc-list ez-toc-list-level-1' ><li class='ez-toc-page-1 ez-toc-heading-level-2'><a class=\"ez-toc-link ez-toc-heading-1\" href=\"https:\/\/ameripharmaspecialty.com\/es\/myasthenia-gravis\/myasthenia-gravis-symptoms-and-complications\/#Signs_and_Symptoms_of_Myasthenia_Gravis\" >Signos y s\u00edntomas de la miastenia gravis<\/a><\/li><li class='ez-toc-page-1 ez-toc-heading-level-2'><a class=\"ez-toc-link ez-toc-heading-2\" href=\"https:\/\/ameripharmaspecialty.com\/es\/myasthenia-gravis\/myasthenia-gravis-symptoms-and-complications\/#Causes_and_Pathophysiology_of_Myasthenia_Gravis\" >Causas y fisiopatolog\u00eda de la miastenia gravis<\/a><\/li><li class='ez-toc-page-1 ez-toc-heading-level-2'><a class=\"ez-toc-link ez-toc-heading-3\" href=\"https:\/\/ameripharmaspecialty.com\/es\/myasthenia-gravis\/myasthenia-gravis-symptoms-and-complications\/#Diagnosis_of_Myasthenia_Gravis\" >Diagn\u00f3stico de miastenia gravis<\/a><\/li><li class='ez-toc-page-1 ez-toc-heading-level-2'><a class=\"ez-toc-link ez-toc-heading-4\" href=\"https:\/\/ameripharmaspecialty.com\/es\/myasthenia-gravis\/myasthenia-gravis-symptoms-and-complications\/#Treatment_and_Management_of_Myasthenia_Gravis\" >Tratamiento y manejo de la miastenia gravis<\/a><\/li><li class='ez-toc-page-1 ez-toc-heading-level-2'><a class=\"ez-toc-link ez-toc-heading-5\" href=\"https:\/\/ameripharmaspecialty.com\/es\/myasthenia-gravis\/myasthenia-gravis-symptoms-and-complications\/#Complications_of_Myasthenia_Gravis\" >Complicaciones de la miastenia gravis<\/a><ul class='ez-toc-list-level-3' ><li class='ez-toc-heading-level-3'><a class=\"ez-toc-link ez-toc-heading-6\" href=\"https:\/\/ameripharmaspecialty.com\/es\/myasthenia-gravis\/myasthenia-gravis-symptoms-and-complications\/#Myasthenic_Crisis\" >Crisis miast\u00e9nica<\/a><\/li><\/ul><\/li><li class='ez-toc-page-1 ez-toc-heading-level-2'><a class=\"ez-toc-link ez-toc-heading-7\" href=\"https:\/\/ameripharmaspecialty.com\/es\/myasthenia-gravis\/myasthenia-gravis-symptoms-and-complications\/#Other_Associated_Conditions\" >Otras afecciones asociadas<\/a><\/li><li class='ez-toc-page-1 ez-toc-heading-level-2'><a class=\"ez-toc-link ez-toc-heading-8\" href=\"https:\/\/ameripharmaspecialty.com\/es\/myasthenia-gravis\/myasthenia-gravis-symptoms-and-complications\/#Conclusion\" >Conclusi\u00f3n<\/a><\/li><\/ul><\/nav><\/div>\n<h2 class=\"wp-block-heading\"><span class=\"ez-toc-section\" id=\"Signs_and_Symptoms_of_Myasthenia_Gravis\"><\/span><span style=\"font-weight: 400;\">Signos y s\u00edntomas de la miastenia gravis<\/span><span class=\"ez-toc-section-end\"><\/span><\/h2>\n\n\n\n<p><span style=\"font-weight: 400;\">El inicio de <a href=\"https:\/\/ameripharmaspecialty.com\/es\/myasthenia-gravis\/myasthenia-gravis\/\">miastenia gravis<\/a> La miastenia gravis (MG) puede aparecer repentinamente y a menudo es dif\u00edcil de diagnosticar, ya que los s\u00edntomas no se reconocen inmediatamente como miastenia gravis.<\/span><\/p>\n\n\n\n<div  id=\"call-to-action-0b0d29f601380db2ff4665f9c0ca01b4\" style=\"\" class=\"ct_call_to_action\">\n\t<div class=\"container\">\n\t\t<div class=\"block-wrap cta\">\n\t\t\t<div class=\"block-column\">\n\t\t\t\t<div class=\"cta_headings\">\n\t\t\t\t\t\t\t\t\t\t\t<h4 class=\"cta__heading\">\n\t\t\t\t\t\t\tObtenga asistencia para el copago de IgIV\t\t\t\t\t\t<\/h4>\n\t\t\t\t\t\t\t\t\t\t\t\t\t\t\t\t<span class=\"cta__sub__heading\">\n\t\t\t\t\t\t\tHabla con un especialista\t\t\t\t\t\t<\/span>\n\t\t\t\t\t\t\t\t\t<\/div>\n\t\t\t\t\t\t\t\t\t<span class=\"cta_btn\">\n\t\t\t\t\t\t<a href=\"tel:8777780318\">(877) 778-0318<\/a>\n\t\t\t\t\t\t\t\t\t\t\t<\/span>\n\t\t\t\t\t\t\t<\/div>\n\n\t\t<\/div>\n\t<\/div>\n<\/div>\n\n\n\n<p>La miastenia gravis afecta a los m\u00fasculos voluntarios, especialmente a los que controlan el movimiento de los ojos y los p\u00e1rpados, la expresi\u00f3n facial y la degluci\u00f3n. En la mayor\u00eda de los casos, los s\u00edntomas iniciales incluyen debilidad de los m\u00fasculos oculares, visi\u00f3n doble, dificultad para tragar y dificultad para hablar. Sin embargo, el grado de debilidad muscular en la miastenia gravis var\u00eda considerablemente entre los pacientes.&nbsp;<\/p>\n\n\n\n<p>Dependiendo del tipo y la gravedad, los s\u00edntomas pueden incluir la ca\u00edda de uno o ambos p\u00e1rpados (ptosis), visi\u00f3n borrosa o doble (<a href=\"https:\/\/emedicine.medscape.com\/article\/1214490-overview\">diplop\u00eda<\/a>), y debilidad en los brazos, manos, dedos, piernas y cuello. Los pacientes tambi\u00e9n pueden experimentar una marcha inestable o tambaleante, cambios en la expresi\u00f3n facial, dificultad para tragar, falta de aire y dificultad para hablar (disartria).<\/p>\n\n\n\n<div  id=\"call-to-action-513c1c6a487019dd1a6593929fe4276a\" style=\"\" class=\"ct_call_to_action\">\n\t<div class=\"container\">\n\t\t<div class=\"block-wrap cta\">\n\t\t\t<div class=\"block-column\">\n\t\t\t\t<div class=\"cta_headings\">\n\t\t\t\t\t\t\t\t\t\t\t<h4 class=\"cta__heading\">\n\t\t\t\t\t\t\t\u00bfPuede ayudar la IgIV?\t\t\t\t\t\t<\/h4>\n\t\t\t\t\t\t\t\t\t\t\t\t\t\t\t\t<span class=\"cta__sub__heading\">\n\t\t\t\t\t\t\tInformaci\u00f3n gratuita sobre el tratamiento con IgIV\t\t\t\t\t\t<\/span>\n\t\t\t\t\t\t\t\t\t<\/div>\n\t\t\t\t\t\t\t\t\t<span class=\"cta_btn\">\n\t\t\t\t\t\t<a href=\"#form\">Programar una consulta<\/a>\n\t\t\t\t\t\t\t\t\t\t\t<\/span>\n\t\t\t\t\t\t\t<\/div>\n\n\t\t<\/div>\n\t<\/div>\n<\/div>\n\n\n\n<h2 class=\"wp-block-heading\"><span class=\"ez-toc-section\" id=\"Causes_and_Pathophysiology_of_Myasthenia_Gravis\"><\/span>Causas y fisiopatolog\u00eda de la miastenia gravis<span class=\"ez-toc-section-end\"><\/span><\/h2>\n\n\n\n<p>La miastenia gravis (MG) es un trastorno autoinmune que afecta la comunicaci\u00f3n entre los nervios y los m\u00fasculos. En esta afecci\u00f3n, el cuerpo produce anticuerpos que atacan componentes de la uni\u00f3n neuromuscular, principalmente los receptores de acetilcolina (ACh).<\/p>\n\n\n\n<p>Esta alteraci\u00f3n impide que las se\u00f1ales nerviosas desencadenen eficazmente la contracci\u00f3n muscular, lo que provoca debilidad y fatiga muscular. En raras ocasiones, los anticuerpos pueden atacar otras prote\u00ednas, como la quinasa espec\u00edfica del m\u00fasculo (MuSK), lo que perjudica a\u00fan m\u00e1s la transmisi\u00f3n neuromuscular.<\/p>\n\n\n\n<p>Se cree que la gl\u00e1ndula timo desempe\u00f1a un papel en el desarrollo de la miastenia gravis, ya que muchos pacientes presentan anomal\u00edas t\u00edmicas como timoma (tumor) o hiperplasia t\u00edmica (aumento de tama\u00f1o\/peso).<\/p>\n\n\n\n<h2 class=\"wp-block-heading\"><span class=\"ez-toc-section\" id=\"Diagnosis_of_Myasthenia_Gravis\"><\/span>Diagn\u00f3stico de miastenia gravis<span class=\"ez-toc-section-end\"><\/span><\/h2>\n\n\n\n<p>El diagn\u00f3stico de miastenia gravis se basa en una combinaci\u00f3n de evaluaci\u00f3n cl\u00ednica, an\u00e1lisis de laboratorio y estudios de imagen. Los m\u00e9dicos suelen buscar patrones caracter\u00edsticos de debilidad muscular que empeoran con la actividad y mejoran con el reposo.<\/p>\n\n\n\n<p>Los an\u00e1lisis de sangre pueden utilizarse para detectar anticuerpos asociados a la miastenia gravis, incluidos los anticuerpos contra el receptor de acetilcolina (AChR) y los anticuerpos contra la cinasa espec\u00edfica del m\u00fasculo (MuSK). La electromiograf\u00eda (EMG) puede ayudar a evaluar la comunicaci\u00f3n entre los nervios y los m\u00fasculos.<\/p>\n\n\n\n<p>Para evaluar la gl\u00e1ndula timo en busca de anomal\u00edas, se pueden realizar estudios de imagen como la tomograf\u00eda computarizada (TC) o la resonancia magn\u00e9tica (RM). En algunos casos, pruebas sencillas como la prueba de la compresa de hielo tambi\u00e9n pueden ayudar a confirmar el diagn\u00f3stico.<\/p>\n\n\n\n<h2 class=\"wp-block-heading\"><span class=\"ez-toc-section\" id=\"Treatment_and_Management_of_Myasthenia_Gravis\"><\/span>Tratamiento y manejo de la miastenia gravis<span class=\"ez-toc-section-end\"><\/span><\/h2>\n\n\n\n<p>El tratamiento de la miastenia gravis se centra en mejorar la fuerza muscular y reducir la actividad del sistema inmunitario. Los planes de tratamiento var\u00edan seg\u00fan la gravedad de los s\u00edntomas y las caracter\u00edsticas individuales de cada paciente.<\/p>\n\n\n\n<p>Los medicamentos como los inhibidores de la acetilcolinesterasa (por ejemplo, la piridostigmina) se utilizan habitualmente para mejorar la comunicaci\u00f3n entre nervios y m\u00fasculos. Las terapias inmunosupresoras, incluidos los corticosteroides y otros agentes, pueden prescribirse para reducir la respuesta inmunitaria anormal.<\/p>\n\n\n\n<p>En algunos pacientes, la extirpaci\u00f3n quir\u00fargica de la gl\u00e1ndula timo (<a href=\"https:\/\/ameripharmaspecialty.com\/es\/myasthenia-gravis\/thymectomy-for-myasthenia-gravis-what-patients-need-to-know\/\">timectom\u00eda<\/a>) puede mejorar los s\u00edntomas o conducir a la remisi\u00f3n.<\/p>\n\n\n\n<p>Durante las exacerbaciones graves, en particular <a href=\"https:\/\/ameripharmaspecialty.com\/es\/myasthenia-gravis\/understanding-myasthenic-crises-what-you-need-to-know\/\">crisis miast\u00e9nica<\/a>, El tratamiento de emergencia puede incluir soporte respiratorio, <a href=\"https:\/\/ameripharmaspecialty.com\/es\/ivig\/ivig-the-complete-guide\/\">inmunoglobulina intravenosa <\/a>(IVIG), o plasmaf\u00e9resis para reducir r\u00e1pidamente los anticuerpos circulantes.<\/p>\n\n\n\n<h2 class=\"wp-block-heading\"><span class=\"ez-toc-section\" id=\"Complications_of_Myasthenia_Gravis\"><\/span><span style=\"font-weight: 400;\">Complicaciones de la miastenia gravis<\/span><span class=\"ez-toc-section-end\"><\/span><\/h2>\n\n\n\n<h3 class=\"wp-block-heading\"><span class=\"ez-toc-section\" id=\"Myasthenic_Crisis\"><\/span><span style=\"font-weight: 400;\">Crisis miast\u00e9nica<\/span><span class=\"ez-toc-section-end\"><\/span><\/h3>\n\n\n\n<p><span style=\"font-weight: 400;\">La crisis miast\u00e9nica es una complicaci\u00f3n potencialmente mortal de la miastenia gravis (MG). Aproximadamente una de cada cinco personas con MG puede desarrollar una crisis miast\u00e9nica al menos una vez en su vida. Ocurre cuando los m\u00fasculos respiratorios se debilitan demasiado para permitir la respiraci\u00f3n. Sin tratamiento inmediato, esto puede provocar insuficiencia respiratoria y la muerte.<\/span><\/p>\n\n\n\n<h2 class=\"wp-block-heading\"><span class=\"ez-toc-section\" id=\"Other_Associated_Conditions\"><\/span>Otras afecciones asociadas<span class=\"ez-toc-section-end\"><\/span><\/h2>\n\n\n\n<p>La miastenia gravis suele estar asociada a anomal\u00edas del timo, como timoma o hiperplasia t\u00edmica, y puede coexistir con otros trastornos autoinmunes.<\/p>\n\n\n\n<h2 class=\"wp-block-heading\"><span class=\"ez-toc-section\" id=\"Conclusion\"><\/span>Conclusi\u00f3n<span class=\"ez-toc-section-end\"><\/span><\/h2>\n\n\n\n<p>La miastenia gravis es un trastorno autoinmune cr\u00f3nico que afecta la comunicaci\u00f3n neuromuscular, provocando debilidad muscular fluctuante. Si bien la gravedad de los s\u00edntomas puede variar, el diagn\u00f3stico precoz y el tratamiento adecuado pueden mejorar significativamente la calidad de vida y reducir el riesgo de complicaciones graves, como la crisis miast\u00e9nica. Gracias a los avances en el diagn\u00f3stico y el tratamiento, muchas personas con miastenia gravis logran controlar eficazmente sus s\u00edntomas y mantener sus actividades diarias.<\/p>","protected":false},"excerpt":{"rendered":"<p>The onset of myasthenia gravis (MG) may be sudden and is often difficult to diagnose, as the symptoms are not immediately recognized as MG. MG affects voluntary muscles, particularly those controlling eye and eyelid movement, facial expression, and swallowing.<\/p>","protected":false},"author":15,"featured_media":20644,"comment_status":"closed","ping_status":"closed","sticky":false,"template":"","format":"standard","meta":{"_acf_changed":false,"om_disable_all_campaigns":false,"_uag_custom_page_level_css":"","footnotes":""},"categories":[10],"tags":[19],"class_list":["post-20643","post","type-post","status-publish","format-standard","has-post-thumbnail","hentry","category-myasthenia-gravis","tag-dr-rachel-chang"],"acf":[],"yoast_head":"<!-- This site is optimized with the Yoast SEO plugin v27.5 - https:\/\/yoast.com\/product\/yoast-seo-wordpress\/ -->\n<title>Myasthenia Gravis Symptoms and Complications<\/title>\n<meta name=\"description\" content=\"The onset of myasthenia gravis (MG) may be sudden and oftentimes difficult to diagnose as the symptoms aren\u2019t immediately recognized as myasthenia gravis.\" \/>\n<meta name=\"robots\" content=\"index, follow, max-snippet:-1, max-image-preview:large, max-video-preview:-1\" \/>\n<link rel=\"canonical\" href=\"https:\/\/ameripharmaspecialty.com\/es\/myasthenia-gravis\/myasthenia-gravis-symptoms-and-complications\/\" \/>\n<meta property=\"og:locale\" content=\"es_MX\" \/>\n<meta property=\"og:type\" content=\"article\" \/>\n<meta property=\"og:title\" content=\"Myasthenia Gravis Symptoms and Complications\" \/>\n<meta property=\"og:description\" content=\"The onset of myasthenia gravis (MG) may be sudden and oftentimes difficult to diagnose as the symptoms aren\u2019t immediately recognized as myasthenia gravis.\" \/>\n<meta property=\"og:url\" content=\"https:\/\/ameripharmaspecialty.com\/es\/myasthenia-gravis\/myasthenia-gravis-symptoms-and-complications\/\" \/>\n<meta property=\"og:site_name\" content=\"AmeriPharma\u00ae Specialty Care\" \/>\n<meta property=\"article:publisher\" content=\"https:\/\/www.facebook.com\/ameripharma\/\" \/>\n<meta property=\"article:published_time\" content=\"2022-07-06T19:47:01+00:00\" \/>\n<meta property=\"article:modified_time\" content=\"2026-04-16T22:51:44+00:00\" \/>\n<meta property=\"og:image\" content=\"https:\/\/ameripharmaspecialty.com\/wp-content\/uploads\/2022\/07\/myasthenia-gravis-symptoms.jpeg\" \/>\n\t<meta property=\"og:image:width\" content=\"1280\" \/>\n\t<meta property=\"og:image:height\" content=\"720\" \/>\n\t<meta property=\"og:image:type\" content=\"image\/jpeg\" \/>\n<meta name=\"author\" content=\"Dr. Rachel Chang, PharmD\" \/>\n<meta name=\"twitter:card\" content=\"summary_large_image\" \/>\n<meta name=\"twitter:label1\" content=\"Written by\" \/>\n\t<meta name=\"twitter:data1\" content=\"Dr. Rachel Chang, PharmD\" \/>\n\t<meta name=\"twitter:label2\" content=\"Est. reading time\" \/>\n\t<meta name=\"twitter:data2\" content=\"3 minutos\" \/>\n<script type=\"application\/ld+json\" class=\"yoast-schema-graph\">{\"@context\":\"https:\\\/\\\/schema.org\",\"@graph\":[{\"@type\":\"Article\",\"@id\":\"https:\\\/\\\/ameripharmaspecialty.com\\\/myasthenia-gravis\\\/myasthenia-gravis-symptoms-and-complications\\\/#article\",\"isPartOf\":{\"@id\":\"https:\\\/\\\/ameripharmaspecialty.com\\\/myasthenia-gravis\\\/myasthenia-gravis-symptoms-and-complications\\\/\"},\"author\":{\"name\":\"Dr. Rachel Chang, PharmD\",\"@id\":\"https:\\\/\\\/ameripharmaspecialty.com\\\/es\\\/#\\\/schema\\\/person\\\/434b2e8d9065aae5f06dbb47a6fd2b5d\"},\"headline\":\"Myasthenia Gravis Symptoms and Complications\",\"datePublished\":\"2022-07-06T19:47:01+00:00\",\"dateModified\":\"2026-04-16T22:51:44+00:00\",\"mainEntityOfPage\":{\"@id\":\"https:\\\/\\\/ameripharmaspecialty.com\\\/myasthenia-gravis\\\/myasthenia-gravis-symptoms-and-complications\\\/\"},\"wordCount\":598,\"publisher\":{\"@id\":\"https:\\\/\\\/ameripharmaspecialty.com\\\/es\\\/#organization\"},\"image\":{\"@id\":\"https:\\\/\\\/ameripharmaspecialty.com\\\/myasthenia-gravis\\\/myasthenia-gravis-symptoms-and-complications\\\/#primaryimage\"},\"thumbnailUrl\":\"https:\\\/\\\/ameripharmaspecialty.com\\\/wp-content\\\/uploads\\\/2022\\\/07\\\/myasthenia-gravis-symptoms.jpeg\",\"keywords\":[\"Dr. Rachel Chang\"],\"articleSection\":[\"Myasthenia Gravis\"],\"inLanguage\":\"es\"},{\"@type\":\"WebPage\",\"@id\":\"https:\\\/\\\/ameripharmaspecialty.com\\\/myasthenia-gravis\\\/myasthenia-gravis-symptoms-and-complications\\\/\",\"url\":\"https:\\\/\\\/ameripharmaspecialty.com\\\/myasthenia-gravis\\\/myasthenia-gravis-symptoms-and-complications\\\/\",\"name\":\"Myasthenia Gravis Symptoms and Complications\",\"isPartOf\":{\"@id\":\"https:\\\/\\\/ameripharmaspecialty.com\\\/es\\\/#website\"},\"primaryImageOfPage\":{\"@id\":\"https:\\\/\\\/ameripharmaspecialty.com\\\/myasthenia-gravis\\\/myasthenia-gravis-symptoms-and-complications\\\/#primaryimage\"},\"image\":{\"@id\":\"https:\\\/\\\/ameripharmaspecialty.com\\\/myasthenia-gravis\\\/myasthenia-gravis-symptoms-and-complications\\\/#primaryimage\"},\"thumbnailUrl\":\"https:\\\/\\\/ameripharmaspecialty.com\\\/wp-content\\\/uploads\\\/2022\\\/07\\\/myasthenia-gravis-symptoms.jpeg\",\"datePublished\":\"2022-07-06T19:47:01+00:00\",\"dateModified\":\"2026-04-16T22:51:44+00:00\",\"description\":\"The onset of myasthenia gravis (MG) may be sudden and oftentimes difficult to diagnose as the symptoms aren\u2019t immediately recognized as myasthenia gravis.\",\"breadcrumb\":{\"@id\":\"https:\\\/\\\/ameripharmaspecialty.com\\\/myasthenia-gravis\\\/myasthenia-gravis-symptoms-and-complications\\\/#breadcrumb\"},\"inLanguage\":\"es\",\"potentialAction\":[{\"@type\":\"ReadAction\",\"target\":[\"https:\\\/\\\/ameripharmaspecialty.com\\\/myasthenia-gravis\\\/myasthenia-gravis-symptoms-and-complications\\\/\"]}]},{\"@type\":\"ImageObject\",\"inLanguage\":\"es\",\"@id\":\"https:\\\/\\\/ameripharmaspecialty.com\\\/myasthenia-gravis\\\/myasthenia-gravis-symptoms-and-complications\\\/#primaryimage\",\"url\":\"https:\\\/\\\/ameripharmaspecialty.com\\\/wp-content\\\/uploads\\\/2022\\\/07\\\/myasthenia-gravis-symptoms.jpeg\",\"contentUrl\":\"https:\\\/\\\/ameripharmaspecialty.com\\\/wp-content\\\/uploads\\\/2022\\\/07\\\/myasthenia-gravis-symptoms.jpeg\",\"width\":1280,\"height\":720,\"caption\":\"Signs and Symptoms of Myasthenia Gravis\"},{\"@type\":\"BreadcrumbList\",\"@id\":\"https:\\\/\\\/ameripharmaspecialty.com\\\/myasthenia-gravis\\\/myasthenia-gravis-symptoms-and-complications\\\/#breadcrumb\",\"itemListElement\":[{\"@type\":\"ListItem\",\"position\":1,\"name\":\"Home\",\"item\":\"https:\\\/\\\/ameripharmaspecialty.com\\\/zh\\\/\"},{\"@type\":\"ListItem\",\"position\":2,\"name\":\"Myasthenia Gravis Symptoms and Complications\"}]},{\"@type\":\"WebSite\",\"@id\":\"https:\\\/\\\/ameripharmaspecialty.com\\\/es\\\/#website\",\"url\":\"https:\\\/\\\/ameripharmaspecialty.com\\\/es\\\/\",\"name\":\"AmeriPharma\u00ae Specialty Care\",\"description\":\"Specialty Care by AmeriPharma\",\"publisher\":{\"@id\":\"https:\\\/\\\/ameripharmaspecialty.com\\\/es\\\/#organization\"},\"potentialAction\":[{\"@type\":\"SearchAction\",\"target\":{\"@type\":\"EntryPoint\",\"urlTemplate\":\"https:\\\/\\\/ameripharmaspecialty.com\\\/es\\\/?s={search_term_string}\"},\"query-input\":{\"@type\":\"PropertyValueSpecification\",\"valueRequired\":true,\"valueName\":\"search_term_string\"}}],\"inLanguage\":\"es\"},{\"@type\":\"Organization\",\"@id\":\"https:\\\/\\\/ameripharmaspecialty.com\\\/es\\\/#organization\",\"name\":\"Ameripharma Specialty Care\",\"url\":\"https:\\\/\\\/ameripharmaspecialty.com\\\/es\\\/\",\"logo\":{\"@type\":\"ImageObject\",\"inLanguage\":\"es\",\"@id\":\"https:\\\/\\\/ameripharmaspecialty.com\\\/es\\\/#\\\/schema\\\/logo\\\/image\\\/\",\"url\":\"https:\\\/\\\/ameripharmaspecialty.com\\\/wp-content\\\/uploads\\\/2024\\\/07\\\/specialty-care-logo-large-square.png\",\"contentUrl\":\"https:\\\/\\\/ameripharmaspecialty.com\\\/wp-content\\\/uploads\\\/2024\\\/07\\\/specialty-care-logo-large-square.png\",\"width\":400,\"height\":400,\"caption\":\"Ameripharma Specialty Care\"},\"image\":{\"@id\":\"https:\\\/\\\/ameripharmaspecialty.com\\\/es\\\/#\\\/schema\\\/logo\\\/image\\\/\"},\"sameAs\":[\"https:\\\/\\\/www.facebook.com\\\/ameripharma\\\/\"]},{\"@type\":\"Person\",\"@id\":\"https:\\\/\\\/ameripharmaspecialty.com\\\/es\\\/#\\\/schema\\\/person\\\/434b2e8d9065aae5f06dbb47a6fd2b5d\",\"name\":\"Dr. Rachel Chang, PharmD\",\"image\":{\"@type\":\"ImageObject\",\"inLanguage\":\"es\",\"@id\":\"https:\\\/\\\/secure.gravatar.com\\\/avatar\\\/c3ae6774f18bef8df05c572338b8557af3dd277fe9085abf2bc96503ecb5eb65?s=96&d=mm&r=g\",\"url\":\"https:\\\/\\\/secure.gravatar.com\\\/avatar\\\/c3ae6774f18bef8df05c572338b8557af3dd277fe9085abf2bc96503ecb5eb65?s=96&d=mm&r=g\",\"contentUrl\":\"https:\\\/\\\/secure.gravatar.com\\\/avatar\\\/c3ae6774f18bef8df05c572338b8557af3dd277fe9085abf2bc96503ecb5eb65?s=96&d=mm&r=g\",\"caption\":\"Dr. Rachel Chang, PharmD\"},\"description\":\"Dr. Rachel Chang, PharmD was born and raised in Hawaii. She received her degree from Marshall B. Ketchum University in 2022, where she graduated with cum laude honors. The most rewarding part of her job is the connections she makes with each patient. She enjoys speaking with each patient and helping them achieve the best treatment possible. In her free time, she likes spending time with her family, traveling, fishing, and mountain biking.\",\"url\":\"https:\\\/\\\/ameripharmaspecialty.com\\\/es\\\/author\\\/rachel\\\/\"}]}<\/script>\n<!-- \/ Yoast SEO plugin. -->","yoast_head_json":{"title":"S\u00edntomas y complicaciones de la miastenia grave","description":"La aparici\u00f3n de la miastenia gravis (MG) puede ser repentina y a menudo dif\u00edcil de diagnosticar ya que los s\u00edntomas no se reconocen inmediatamente como miastenia gravis.","robots":{"index":"index","follow":"follow","max-snippet":"max-snippet:-1","max-image-preview":"max-image-preview:large","max-video-preview":"max-video-preview:-1"},"canonical":"https:\/\/ameripharmaspecialty.com\/es\/myasthenia-gravis\/myasthenia-gravis-symptoms-and-complications\/","og_locale":"es_MX","og_type":"article","og_title":"Myasthenia Gravis Symptoms and Complications","og_description":"The onset of myasthenia gravis (MG) may be sudden and oftentimes difficult to diagnose as the symptoms aren\u2019t immediately recognized as myasthenia gravis.","og_url":"https:\/\/ameripharmaspecialty.com\/es\/myasthenia-gravis\/myasthenia-gravis-symptoms-and-complications\/","og_site_name":"AmeriPharma\u00ae Specialty Care","article_publisher":"https:\/\/www.facebook.com\/ameripharma\/","article_published_time":"2022-07-06T19:47:01+00:00","article_modified_time":"2026-04-16T22:51:44+00:00","og_image":[{"width":1280,"height":720,"url":"https:\/\/ameripharmaspecialty.com\/wp-content\/uploads\/2022\/07\/myasthenia-gravis-symptoms.jpeg","type":"image\/jpeg"}],"author":"Dr. Rachel Chang, PharmD","twitter_card":"summary_large_image","twitter_misc":{"Written by":"Dr. Rachel Chang, PharmD","Est. reading time":"3 minutos"},"schema":{"@context":"https:\/\/schema.org","@graph":[{"@type":"Article","@id":"https:\/\/ameripharmaspecialty.com\/myasthenia-gravis\/myasthenia-gravis-symptoms-and-complications\/#article","isPartOf":{"@id":"https:\/\/ameripharmaspecialty.com\/myasthenia-gravis\/myasthenia-gravis-symptoms-and-complications\/"},"author":{"name":"Dr. Rachel Chang, PharmD","@id":"https:\/\/ameripharmaspecialty.com\/es\/#\/schema\/person\/434b2e8d9065aae5f06dbb47a6fd2b5d"},"headline":"Myasthenia Gravis Symptoms and Complications","datePublished":"2022-07-06T19:47:01+00:00","dateModified":"2026-04-16T22:51:44+00:00","mainEntityOfPage":{"@id":"https:\/\/ameripharmaspecialty.com\/myasthenia-gravis\/myasthenia-gravis-symptoms-and-complications\/"},"wordCount":598,"publisher":{"@id":"https:\/\/ameripharmaspecialty.com\/es\/#organization"},"image":{"@id":"https:\/\/ameripharmaspecialty.com\/myasthenia-gravis\/myasthenia-gravis-symptoms-and-complications\/#primaryimage"},"thumbnailUrl":"https:\/\/ameripharmaspecialty.com\/wp-content\/uploads\/2022\/07\/myasthenia-gravis-symptoms.jpeg","keywords":["Dr. Rachel Chang"],"articleSection":["Myasthenia Gravis"],"inLanguage":"es"},{"@type":"WebPage","@id":"https:\/\/ameripharmaspecialty.com\/myasthenia-gravis\/myasthenia-gravis-symptoms-and-complications\/","url":"https:\/\/ameripharmaspecialty.com\/myasthenia-gravis\/myasthenia-gravis-symptoms-and-complications\/","name":"S\u00edntomas y complicaciones de la miastenia grave","isPartOf":{"@id":"https:\/\/ameripharmaspecialty.com\/es\/#website"},"primaryImageOfPage":{"@id":"https:\/\/ameripharmaspecialty.com\/myasthenia-gravis\/myasthenia-gravis-symptoms-and-complications\/#primaryimage"},"image":{"@id":"https:\/\/ameripharmaspecialty.com\/myasthenia-gravis\/myasthenia-gravis-symptoms-and-complications\/#primaryimage"},"thumbnailUrl":"https:\/\/ameripharmaspecialty.com\/wp-content\/uploads\/2022\/07\/myasthenia-gravis-symptoms.jpeg","datePublished":"2022-07-06T19:47:01+00:00","dateModified":"2026-04-16T22:51:44+00:00","description":"La aparici\u00f3n de la miastenia gravis (MG) puede ser repentina y a menudo dif\u00edcil de diagnosticar ya que los s\u00edntomas no se reconocen inmediatamente como miastenia gravis.","breadcrumb":{"@id":"https:\/\/ameripharmaspecialty.com\/myasthenia-gravis\/myasthenia-gravis-symptoms-and-complications\/#breadcrumb"},"inLanguage":"es","potentialAction":[{"@type":"ReadAction","target":["https:\/\/ameripharmaspecialty.com\/myasthenia-gravis\/myasthenia-gravis-symptoms-and-complications\/"]}]},{"@type":"ImageObject","inLanguage":"es","@id":"https:\/\/ameripharmaspecialty.com\/myasthenia-gravis\/myasthenia-gravis-symptoms-and-complications\/#primaryimage","url":"https:\/\/ameripharmaspecialty.com\/wp-content\/uploads\/2022\/07\/myasthenia-gravis-symptoms.jpeg","contentUrl":"https:\/\/ameripharmaspecialty.com\/wp-content\/uploads\/2022\/07\/myasthenia-gravis-symptoms.jpeg","width":1280,"height":720,"caption":"Signs and Symptoms of Myasthenia Gravis"},{"@type":"BreadcrumbList","@id":"https:\/\/ameripharmaspecialty.com\/myasthenia-gravis\/myasthenia-gravis-symptoms-and-complications\/#breadcrumb","itemListElement":[{"@type":"ListItem","position":1,"name":"Home","item":"https:\/\/ameripharmaspecialty.com\/zh\/"},{"@type":"ListItem","position":2,"name":"Myasthenia Gravis Symptoms and Complications"}]},{"@type":"WebSite","@id":"https:\/\/ameripharmaspecialty.com\/es\/#website","url":"https:\/\/ameripharmaspecialty.com\/es\/","name":"Cuidado especializado AmeriPharma\u00ae","description":"Atenci\u00f3n especializada por AmeriPharma","publisher":{"@id":"https:\/\/ameripharmaspecialty.com\/es\/#organization"},"potentialAction":[{"@type":"SearchAction","target":{"@type":"EntryPoint","urlTemplate":"https:\/\/ameripharmaspecialty.com\/es\/?s={search_term_string}"},"query-input":{"@type":"PropertyValueSpecification","valueRequired":true,"valueName":"search_term_string"}}],"inLanguage":"es"},{"@type":"Organization","@id":"https:\/\/ameripharmaspecialty.com\/es\/#organization","name":"Atenci\u00f3n especializada de Ameripharma","url":"https:\/\/ameripharmaspecialty.com\/es\/","logo":{"@type":"ImageObject","inLanguage":"es","@id":"https:\/\/ameripharmaspecialty.com\/es\/#\/schema\/logo\/image\/","url":"https:\/\/ameripharmaspecialty.com\/wp-content\/uploads\/2024\/07\/specialty-care-logo-large-square.png","contentUrl":"https:\/\/ameripharmaspecialty.com\/wp-content\/uploads\/2024\/07\/specialty-care-logo-large-square.png","width":400,"height":400,"caption":"Ameripharma Specialty Care"},"image":{"@id":"https:\/\/ameripharmaspecialty.com\/es\/#\/schema\/logo\/image\/"},"sameAs":["https:\/\/www.facebook.com\/ameripharma\/"]},{"@type":"Person","@id":"https:\/\/ameripharmaspecialty.com\/es\/#\/schema\/person\/434b2e8d9065aae5f06dbb47a6fd2b5d","name":"Dra. Rachel Chang, Farmac\u00e9utica","image":{"@type":"ImageObject","inLanguage":"es","@id":"https:\/\/secure.gravatar.com\/avatar\/c3ae6774f18bef8df05c572338b8557af3dd277fe9085abf2bc96503ecb5eb65?s=96&d=mm&r=g","url":"https:\/\/secure.gravatar.com\/avatar\/c3ae6774f18bef8df05c572338b8557af3dd277fe9085abf2bc96503ecb5eb65?s=96&d=mm&r=g","contentUrl":"https:\/\/secure.gravatar.com\/avatar\/c3ae6774f18bef8df05c572338b8557af3dd277fe9085abf2bc96503ecb5eb65?s=96&d=mm&r=g","caption":"Dr. Rachel Chang, PharmD"},"description":"La Dra. Rachel Chang, doctora en farmacia, naci\u00f3 y creci\u00f3 en Haw\u00e1i. Se gradu\u00f3 con honores cum laude en la Universidad Marshall B. Ketchum en 2022. Lo m\u00e1s gratificante de su trabajo es la conexi\u00f3n que establece con cada paciente. Disfruta hablando con cada paciente y ayud\u00e1ndolos a obtener el mejor tratamiento posible. En su tiempo libre, le gusta pasar tiempo con su familia, viajar, pescar y practicar ciclismo de monta\u00f1a.","url":"https:\/\/ameripharmaspecialty.com\/es\/author\/rachel\/"}]}},"uagb_featured_image_src":{"full":["https:\/\/ameripharmaspecialty.com\/wp-content\/uploads\/2022\/07\/myasthenia-gravis-symptoms.jpeg",1280,720,false],"thumbnail":["https:\/\/ameripharmaspecialty.com\/wp-content\/uploads\/2022\/07\/myasthenia-gravis-symptoms-150x150.jpeg",150,150,true],"medium":["https:\/\/ameripharmaspecialty.com\/wp-content\/uploads\/2022\/07\/myasthenia-gravis-symptoms-300x169.jpeg",300,169,true],"medium_large":["https:\/\/ameripharmaspecialty.com\/wp-content\/uploads\/2022\/07\/myasthenia-gravis-symptoms-768x432.jpeg",768,432,true],"large":["https:\/\/ameripharmaspecialty.com\/wp-content\/uploads\/2022\/07\/myasthenia-gravis-symptoms-1024x576.jpeg",1024,576,true],"1536x1536":["https:\/\/ameripharmaspecialty.com\/wp-content\/uploads\/2022\/07\/myasthenia-gravis-symptoms.jpeg",1280,720,false],"2048x2048":["https:\/\/ameripharmaspecialty.com\/wp-content\/uploads\/2022\/07\/myasthenia-gravis-symptoms.jpeg",1280,720,false],"trp-custom-language-flag":["https:\/\/ameripharmaspecialty.com\/wp-content\/uploads\/2022\/07\/myasthenia-gravis-symptoms.jpeg",18,10,false],"block-image-html-large":["https:\/\/ameripharmaspecialty.com\/wp-content\/uploads\/2022\/07\/myasthenia-gravis-symptoms.jpeg",600,338,false],"ct-gallery":["https:\/\/ameripharmaspecialty.com\/wp-content\/uploads\/2022\/07\/myasthenia-gravis-symptoms-330x220.jpeg",330,220,true],"ct-section-header":["https:\/\/ameripharmaspecialty.com\/wp-content\/uploads\/2022\/07\/myasthenia-gravis-symptoms-1146x380.jpeg",1146,380,true],"ct-thumb":["https:\/\/ameripharmaspecialty.com\/wp-content\/uploads\/2022\/07\/myasthenia-gravis-symptoms-86x48.jpeg",86,48,true],"ct-thumb-large":["https:\/\/ameripharmaspecialty.com\/wp-content\/uploads\/2022\/07\/myasthenia-gravis-symptoms-167x94.jpeg",167,94,true],"ct-small":["https:\/\/ameripharmaspecialty.com\/wp-content\/uploads\/2022\/07\/myasthenia-gravis-symptoms-280x158.jpeg",280,158,true],"ct-medium":["https:\/\/ameripharmaspecialty.com\/wp-content\/uploads\/2022\/07\/myasthenia-gravis-symptoms-370x208.jpeg",370,208,true],"ct-xmedium":["https:\/\/ameripharmaspecialty.com\/wp-content\/uploads\/2022\/07\/myasthenia-gravis-symptoms-960x540.jpeg",960,540,true],"ct-large":["https:\/\/ameripharmaspecialty.com\/wp-content\/uploads\/2022\/07\/myasthenia-gravis-symptoms.jpeg",1280,720,false]},"uagb_author_info":{"display_name":"Dr. Rachel Chang, PharmD","author_link":"https:\/\/ameripharmaspecialty.com\/es\/author\/rachel\/"},"uagb_comment_info":1,"uagb_excerpt":"The onset of myasthenia gravis (MG) may be sudden and is often difficult to diagnose, as the symptoms are not immediately recognized as MG. MG affects voluntary muscles, particularly those controlling eye and eyelid movement, facial expression, and swallowing.","rttpg_featured_image_url":{"full":["https:\/\/ameripharmaspecialty.com\/wp-content\/uploads\/2022\/07\/myasthenia-gravis-symptoms.jpeg",1280,720,false],"landscape":["https:\/\/ameripharmaspecialty.com\/wp-content\/uploads\/2022\/07\/myasthenia-gravis-symptoms.jpeg",1280,720,false],"portraits":["https:\/\/ameripharmaspecialty.com\/wp-content\/uploads\/2022\/07\/myasthenia-gravis-symptoms.jpeg",1280,720,false],"thumbnail":["https:\/\/ameripharmaspecialty.com\/wp-content\/uploads\/2022\/07\/myasthenia-gravis-symptoms-150x150.jpeg",150,150,true],"medium":["https:\/\/ameripharmaspecialty.com\/wp-content\/uploads\/2022\/07\/myasthenia-gravis-symptoms-300x169.jpeg",300,169,true],"large":["https:\/\/ameripharmaspecialty.com\/wp-content\/uploads\/2022\/07\/myasthenia-gravis-symptoms-1024x576.jpeg",1024,576,true],"1536x1536":["https:\/\/ameripharmaspecialty.com\/wp-content\/uploads\/2022\/07\/myasthenia-gravis-symptoms.jpeg",1280,720,false],"2048x2048":["https:\/\/ameripharmaspecialty.com\/wp-content\/uploads\/2022\/07\/myasthenia-gravis-symptoms.jpeg",1280,720,false],"trp-custom-language-flag":["https:\/\/ameripharmaspecialty.com\/wp-content\/uploads\/2022\/07\/myasthenia-gravis-symptoms.jpeg",18,10,false],"block-image-html-large":["https:\/\/ameripharmaspecialty.com\/wp-content\/uploads\/2022\/07\/myasthenia-gravis-symptoms.jpeg",600,338,false],"ct-gallery":["https:\/\/ameripharmaspecialty.com\/wp-content\/uploads\/2022\/07\/myasthenia-gravis-symptoms-330x220.jpeg",330,220,true],"ct-section-header":["https:\/\/ameripharmaspecialty.com\/wp-content\/uploads\/2022\/07\/myasthenia-gravis-symptoms-1146x380.jpeg",1146,380,true],"ct-thumb":["https:\/\/ameripharmaspecialty.com\/wp-content\/uploads\/2022\/07\/myasthenia-gravis-symptoms-86x48.jpeg",86,48,true],"ct-thumb-large":["https:\/\/ameripharmaspecialty.com\/wp-content\/uploads\/2022\/07\/myasthenia-gravis-symptoms-167x94.jpeg",167,94,true],"ct-small":["https:\/\/ameripharmaspecialty.com\/wp-content\/uploads\/2022\/07\/myasthenia-gravis-symptoms-280x158.jpeg",280,158,true],"ct-medium":["https:\/\/ameripharmaspecialty.com\/wp-content\/uploads\/2022\/07\/myasthenia-gravis-symptoms-370x208.jpeg",370,208,true],"ct-xmedium":["https:\/\/ameripharmaspecialty.com\/wp-content\/uploads\/2022\/07\/myasthenia-gravis-symptoms-960x540.jpeg",960,540,true],"ct-large":["https:\/\/ameripharmaspecialty.com\/wp-content\/uploads\/2022\/07\/myasthenia-gravis-symptoms.jpeg",1280,720,false]},"rttpg_author":{"display_name":"Dr. Rachel Chang, PharmD","author_link":"https:\/\/ameripharmaspecialty.com\/es\/author\/rachel\/"},"rttpg_comment":1,"rttpg_category":"<a href=\"https:\/\/ameripharmaspecialty.com\/es\/category\/myasthenia-gravis\/\" rel=\"category tag\">Myasthenia Gravis<\/a>","rttpg_excerpt":"The onset of myasthenia gravis (MG) may be sudden and is often difficult to diagnose, as the symptoms are not immediately recognized as MG. MG affects voluntary muscles, particularly those controlling eye and eyelid movement, facial expression, and swallowing.","_links":{"self":[{"href":"https:\/\/ameripharmaspecialty.com\/es\/wp-json\/wp\/v2\/posts\/20643","targetHints":{"allow":["GET"]}}],"collection":[{"href":"https:\/\/ameripharmaspecialty.com\/es\/wp-json\/wp\/v2\/posts"}],"about":[{"href":"https:\/\/ameripharmaspecialty.com\/es\/wp-json\/wp\/v2\/types\/post"}],"author":[{"embeddable":true,"href":"https:\/\/ameripharmaspecialty.com\/es\/wp-json\/wp\/v2\/users\/15"}],"replies":[{"embeddable":true,"href":"https:\/\/ameripharmaspecialty.com\/es\/wp-json\/wp\/v2\/comments?post=20643"}],"version-history":[{"count":0,"href":"https:\/\/ameripharmaspecialty.com\/es\/wp-json\/wp\/v2\/posts\/20643\/revisions"}],"wp:featuredmedia":[{"embeddable":true,"href":"https:\/\/ameripharmaspecialty.com\/es\/wp-json\/wp\/v2\/media\/20644"}],"wp:attachment":[{"href":"https:\/\/ameripharmaspecialty.com\/es\/wp-json\/wp\/v2\/media?parent=20643"}],"wp:term":[{"taxonomy":"category","embeddable":true,"href":"https:\/\/ameripharmaspecialty.com\/es\/wp-json\/wp\/v2\/categories?post=20643"},{"taxonomy":"post_tag","embeddable":true,"href":"https:\/\/ameripharmaspecialty.com\/es\/wp-json\/wp\/v2\/tags?post=20643"}],"curies":[{"name":"gracias","href":"https:\/\/api.w.org\/{rel}","templated":true}]}}