{"id":20323,"date":"2022-05-27T13:59:39","date_gmt":"2022-05-27T20:59:39","guid":{"rendered":"https:\/\/ameripharmaspe.wpengine.com\/staging\/?p=19156"},"modified":"2026-04-07T10:39:29","modified_gmt":"2026-04-07T17:39:29","slug":"ivig-for-myasthenia-gravis","status":"publish","type":"post","link":"https:\/\/ameripharmaspecialty.com\/es\/ivig\/ivig-for-myasthenia-gravis\/","title":{"rendered":"\u00bfC\u00f3mo ayuda la inmunoglobulina intravenosa (IVIG) con la miastenia gravis?"},"content":{"rendered":"\n<div id=\"ez-toc-container\" class=\"ez-toc-v2_0_82_2 counter-hierarchy ez-toc-counter ez-toc-custom ez-toc-container-direction\">\n<div class=\"ez-toc-title-container\">\n<span class=\"ez-toc-title-toggle\"><a href=\"#\" class=\"ez-toc-pull-right ez-toc-btn ez-toc-btn-xs ez-toc-btn-default ez-toc-toggle\" aria-label=\"Toggle Table of Content\"><span class=\"ez-toc-js-icon-con\"><span class=\"\"><span class=\"eztoc-hide\" style=\"display:none;\">Toggle<\/span><span class=\"ez-toc-icon-toggle-span\"><svg style=\"fill: #999;color:#999\" xmlns=\"http:\/\/www.w3.org\/2000\/svg\" class=\"list-377408\" width=\"20px\" height=\"20px\" viewBox=\"0 0 24 24\" fill=\"none\"><path d=\"M6 6H4v2h2V6zm14 0H8v2h12V6zM4 11h2v2H4v-2zm16 0H8v2h12v-2zM4 16h2v2H4v-2zm16 0H8v2h12v-2z\" fill=\"currentColor\"><\/path><\/svg><svg style=\"fill: #999;color:#999\" class=\"arrow-unsorted-368013\" xmlns=\"http:\/\/www.w3.org\/2000\/svg\" width=\"10px\" height=\"10px\" viewBox=\"0 0 24 24\" version=\"1.2\" baseProfile=\"tiny\"><path d=\"M18.2 9.3l-6.2-6.3-6.2 6.3c-.2.2-.3.4-.3.7s.1.5.3.7c.2.2.4.3.7.3h11c.3 0 .5-.1.7-.3.2-.2.3-.5.3-.7s-.1-.5-.3-.7zM5.8 14.7l6.2 6.3 6.2-6.3c.2-.2.3-.5.3-.7s-.1-.5-.3-.7c-.2-.2-.4-.3-.7-.3h-11c-.3 0-.5.1-.7.3-.2.2-.3.5-.3.7s.1.5.3.7z\"\/><\/svg><\/span><\/span><\/span><\/a><\/span><\/div>\n<nav><ul class='ez-toc-list ez-toc-list-level-1 ' ><li class='ez-toc-page-1 ez-toc-heading-level-2'><a class=\"ez-toc-link ez-toc-heading-1\" href=\"https:\/\/ameripharmaspecialty.com\/es\/ivig\/ivig-for-myasthenia-gravis\/#What_Is_Myasthenia_Gravis\" >What Is Myasthenia Gravis?<\/a><\/li><li class='ez-toc-page-1 ez-toc-heading-level-2'><a class=\"ez-toc-link ez-toc-heading-2\" href=\"https:\/\/ameripharmaspecialty.com\/es\/ivig\/ivig-for-myasthenia-gravis\/#What_Is_IVIG\" >What Is IVIG?<\/a><ul class='ez-toc-list-level-3' ><li class='ez-toc-heading-level-3'><a class=\"ez-toc-link ez-toc-heading-3\" href=\"https:\/\/ameripharmaspecialty.com\/es\/ivig\/ivig-for-myasthenia-gravis\/#How_It_Works\" >How It Works<\/a><\/li><\/ul><\/li><li class='ez-toc-page-1 ez-toc-heading-level-2'><a class=\"ez-toc-link ez-toc-heading-4\" href=\"https:\/\/ameripharmaspecialty.com\/es\/ivig\/ivig-for-myasthenia-gravis\/#How_IVIG_Is_Used_To_Treat_Myasthenia_Gravis\" >How IVIG Is Used To Treat Myasthenia Gravis<\/a><\/li><li class='ez-toc-page-1 ez-toc-heading-level-2'><a class=\"ez-toc-link ez-toc-heading-5\" href=\"https:\/\/ameripharmaspecialty.com\/es\/ivig\/ivig-for-myasthenia-gravis\/#Why_Is_IVIG_So_Popular\" >Why Is IVIG So Popular?<\/a><\/li><li class='ez-toc-page-1 ez-toc-heading-level-2'><a class=\"ez-toc-link ez-toc-heading-6\" href=\"https:\/\/ameripharmaspecialty.com\/es\/ivig\/ivig-for-myasthenia-gravis\/#How_Is_IVIG_Administered\" >How Is IVIG Administered?<\/a><ul class='ez-toc-list-level-3' ><li class='ez-toc-heading-level-3'><a class=\"ez-toc-link ez-toc-heading-7\" href=\"https:\/\/ameripharmaspecialty.com\/es\/ivig\/ivig-for-myasthenia-gravis\/#How_Long_Does_IVIG_Take_To_Work_in_Myasthenia_Gravis\" >How Long Does IVIG Take To Work in Myasthenia Gravis?&nbsp;<\/a><\/li><li class='ez-toc-page-1 ez-toc-heading-level-3'><a class=\"ez-toc-link ez-toc-heading-8\" href=\"https:\/\/ameripharmaspecialty.com\/es\/ivig\/ivig-for-myasthenia-gravis\/#How_Often_Can_You_Get_IVIG_Treatment_for_Myasthenia_Gravis\" >How Often Can You Get IVIG Treatment for Myasthenia Gravis?<\/a><\/li><\/ul><\/li><li class='ez-toc-page-1 ez-toc-heading-level-2'><a class=\"ez-toc-link ez-toc-heading-9\" href=\"https:\/\/ameripharmaspecialty.com\/es\/ivig\/ivig-for-myasthenia-gravis\/#Side_Effects\" >Side Effects<\/a><\/li><li class='ez-toc-page-1 ez-toc-heading-level-2'><a class=\"ez-toc-link ez-toc-heading-10\" href=\"https:\/\/ameripharmaspecialty.com\/es\/ivig\/ivig-for-myasthenia-gravis\/#Drug_Interactions\" >Drug Interactions<\/a><ul class='ez-toc-list-level-3' ><li class='ez-toc-heading-level-3'><a class=\"ez-toc-link ez-toc-heading-11\" href=\"https:\/\/ameripharmaspecialty.com\/es\/ivig\/ivig-for-myasthenia-gravis\/#Pregnancy_and_Breastfeeding\" >Pregnancy and Breastfeeding<\/a><\/li><\/ul><\/li><li class='ez-toc-page-1 ez-toc-heading-level-2'><a class=\"ez-toc-link ez-toc-heading-12\" href=\"https:\/\/ameripharmaspecialty.com\/es\/ivig\/ivig-for-myasthenia-gravis\/#Cost_of_IVIG_for_Myasthenia_Gravis\" >Cost of IVIG for Myasthenia Gravis<\/a><\/li><li class='ez-toc-page-1 ez-toc-heading-level-2'><a class=\"ez-toc-link ez-toc-heading-13\" href=\"https:\/\/ameripharmaspecialty.com\/es\/ivig\/ivig-for-myasthenia-gravis\/#Copay_Assistance\" >Copay Assistance<\/a><\/li><li class='ez-toc-page-1 ez-toc-heading-level-2'><a class=\"ez-toc-link ez-toc-heading-14\" href=\"https:\/\/ameripharmaspecialty.com\/es\/ivig\/ivig-for-myasthenia-gravis\/#Final_Thoughts\" >Final Thoughts<\/a><\/li><\/ul><\/nav><\/div>\n<h2 class=\"wp-block-heading\"><span class=\"ez-toc-section\" id=\"What_Is_Myasthenia_Gravis\"><\/span>What Is Myasthenia Gravis?<span class=\"ez-toc-section-end\"><\/span><\/h2>\n\n\n\n<p><a href=\"https:\/\/ameripharmaspecialty.com\/myasthenia-gravis\/myasthenia-gravis\/\"><span style=\"font-weight: 400;\">Myasthenia gravis<\/span><\/a><span style=\"font-weight: 400;\"> (MG) is a chronic autoimmune disorder in which the body&#8217;s own antibodies destroy the communication between nerves and muscles, consequently weakening skeletal muscles. This condition can affect any of the voluntary muscles of the body, but certain muscle groups are more commonly affected than others. These include muscles in the eye, face, throat, neck, and limbs [<a href=\"https:\/\/www.mayoclinic.org\/diseases-conditions\/myasthenia-gravis\/symptoms-causes\/syc-20352036\">1<\/a>].<\/span><\/p>\n\n\n\n<div  id=\"call-to-action-9101c86adf7c91cfaeacb5ad875c3b6a\" style=\"\" class=\"ct_call_to_action\">\n\t<div class=\"container\">\n\t\t<div class=\"block-wrap cta\">\n\t\t\t<div class=\"block-column\">\n\t\t\t\t<div class=\"cta_headings\">\n\t\t\t\t\t\t\t\t\t\t\t<h4 class=\"cta__heading\">\n\t\t\t\t\t\t\tSpeak to a IVIG Specialist\t\t\t\t\t\t<\/h4>\n\t\t\t\t\t\t\t\t\t\t\t\t\t\t<\/div>\n\t\t\t\t\t\t\t\t\t<span class=\"cta_btn\">\n\t\t\t\t\t\t<a href=\"tel:8777780318\">(877) 778-0318<\/a>\n\t\t\t\t\t\t\t\t\t\t\t<\/span>\n\t\t\t\t\t\t\t<\/div>\n\n\t\t<\/div>\n\t<\/div>\n<\/div>\n\n\n\n<p><span style=\"font-weight: 400;\">MG affects about 20 per 100,000 people worldwide. In recent decades, prevalence has been increasing. This is likely the result of earlier diagnosis and better treatments leading to longer lifespans.<\/span><\/p>\n\n\n\n<p><span style=\"font-weight: 400;\">MG can develop at any age. For reasons that are unknown, it is most frequently diagnosed in women under age 40 and men over age 60. It is uncommon in children [<a href=\"https:\/\/medlineplus.gov\/genetics\/condition\/myasthenia-gravis\/\">2<\/a>].&nbsp;<\/span><\/p>\n\n\n\n<p><span style=\"font-weight: 400;\">Symptoms of MG include [<a href=\"https:\/\/www.mayoclinic.org\/diseases-conditions\/myasthenia-gravis\/symptoms-causes\/syc-20352036\">1<\/a>]:&nbsp;<\/span><\/p>\n\n\n\n<ul class=\"wp-block-list\">\n<li><span style=\"font-weight: 400;\">Drooping eyelid(s)<\/span><\/li>\n\n\n\n<li><span style=\"font-weight: 400;\">Diplopia (double vision)<\/span><\/li>\n\n\n\n<li><span style=\"font-weight: 400;\">Impaired speaking<\/span><\/li>\n\n\n\n<li><span style=\"font-weight: 400;\">Difficulty swallowing<\/span><\/li>\n\n\n\n<li><span style=\"font-weight: 400;\">Chewing weakness<\/span><\/li>\n\n\n\n<li><span style=\"font-weight: 400;\">Facial expression changes<\/span><\/li>\n\n\n\n<li><span style=\"font-weight: 400;\">Impaired walking<\/span><\/li>\n\n\n\n<li><span style=\"font-weight: 400;\">Difficulty holding head up<\/span><\/li>\n<\/ul>\n\n\n\n<p><span style=\"font-weight: 400;\">The cause of MG is unknown and there is no cure, but early detection and prompt medical management can help control symptoms and lead to longer, more functional lives [<a href=\"https:\/\/www.hopkinsmedicine.org\/health\/conditions-and-diseases\/myasthenia-gravis\">3<\/a>]. &nbsp;<\/span><\/p>\n\n\n\n<p><span style=\"font-weight: 400;\">The treatment goals are to increase muscle function and prevent swallowing and breathing problems. Treatment may include [<a href=\"https:\/\/www.hopkinsmedicine.org\/health\/conditions-and-diseases\/myasthenia-gravis\">3<\/a>]:&nbsp;<\/span><\/p>\n\n\n\n<ul class=\"wp-block-list\">\n<li><b>Medications&nbsp;<\/b><span style=\"font-weight: 400;\">\u2013<\/span> <span style=\"font-weight: 400;\">short-term treatment that aids in suppressing, reducing, and strengthening the body\u2019s immune system. These include anticholinesterase medications, steroids, or other medications that suppress the immune system\u2019s response (immunosuppressives).<\/span><\/li>\n\n\n\n<li><b>Thymectomy <\/b><span style=\"font-weight: 400;\">\u2013 surgical removal of the <a href=\"https:\/\/my.clevelandclinic.org\/health\/body\/23016-thymus\">thymus gland<\/a>. A thymectomy may or may not improve symptoms, and the role of the thymus gland in MG is still not fully understood. However, in more than 70% of people who do not have thymus cancer, there is a reduction of symptoms.<\/span><\/li>\n\n\n\n<li><strong>Plasmapheresis (plasma exchange therapy)<\/strong> \u2013 a procedure that removes abnormal antibodies from the blood. The plasma portion of the blood is removed and replaced with albumin or donor plasma. This method provides short-term relief and is often used as a rescue treatment for patients in crisis.<\/li>\n\n\n\n<li><b><a href=\"https:\/\/ameripharmaspecialty.com\/ivig\/what-to-expect-during-your-ivig-infusion-treatment\/\">Intravenous Immunoglobulin (IVIG)<\/a>&nbsp;<\/b><span style=\"font-weight: 400;\">\u2013 a product pooled from donated blood that alters the immune system and neutralizes damaging antibodies.&nbsp;<\/span><\/li>\n<\/ul>\n\n\n\n<div  id=\"call-to-action-1b3dbf709c404784b1870bd5fe5f34d1\" style=\"\" class=\"ct_call_to_action\">\n\t<div class=\"container\">\n\t\t<div class=\"block-wrap cta\">\n\t\t\t<div class=\"block-column\">\n\t\t\t\t<div class=\"cta_headings\">\n\t\t\t\t\t\t\t\t\t\t\t<h4 class=\"cta__heading\">\n\t\t\t\t\t\t\tCan IVIG help?\t\t\t\t\t\t<\/h4>\n\t\t\t\t\t\t\t\t\t\t\t\t\t\t\t\t<span class=\"cta__sub__heading\">\n\t\t\t\t\t\t\tFree IVIG Treatment Info\u00a0|\u00a0Difficulty In Diagnosing?\t\t\t\t\t\t<\/span>\n\t\t\t\t\t\t\t\t\t<\/div>\n\t\t\t\t\t\t\t\t\t<span class=\"cta_btn\">\n\t\t\t\t\t\t<a href=\"#form\">Schedule a Consultation<\/a>\n\t\t\t\t\t\t\t\t\t\t\t<\/span>\n\t\t\t\t\t\t\t<\/div>\n\n\t\t<\/div>\n\t<\/div>\n<\/div>\n\n\n\n<h2 class=\"wp-block-heading\"><span class=\"ez-toc-section\" id=\"What_Is_IVIG\"><\/span>What Is IVIG?<span class=\"ez-toc-section-end\"><\/span><\/h2>\n\n\n\n<p><span style=\"font-weight: 400;\">IVIG is a blood product made from immunoglobulins (antibodies) collected from the plasma of many healthy donors and used to treat a variety of immune and inflammatory conditions. Since 1984, it has been utilized in the treatment of numerous autoimmune conditions, including MG, and studies have shown that IVIG can be an effective treatment for many patients with MG.<\/span><\/p>\n\n\n\n<h3 class=\"wp-block-heading\"><span class=\"ez-toc-section\" id=\"How_It_Works\"><\/span>How It Works<span class=\"ez-toc-section-end\"><\/span><\/h3>\n\n\n\n<p><span style=\"font-weight: 400;\">The exact mechanism of how IVIG works in treating MG is not entirely understood, but MG is primarily triggered by autoantibodies that target <a href=\"https:\/\/www.britannica.com\/science\/acetylcholine-receptor\">acetylcholine receptors<\/a> at the neuromuscular junction. IVIG modulates the immune system and helps neutralize harmful antibodies that interfere with communication between nerves and muscles. This can help reduce symptom severity and improve muscle strength.<\/span><\/p>\n\n\n\n<h2 class=\"wp-block-heading\"><span class=\"ez-toc-section\" id=\"How_IVIG_Is_Used_To_Treat_Myasthenia_Gravis\"><\/span>How IVIG Is Used To Treat Myasthenia Gravis<span class=\"ez-toc-section-end\"><\/span><\/h2>\n\n\n\n<p><span style=\"font-weight: 400;\">Without proper medical attention, MG can be fatal. IVIG is administered when there is a need for a prompt response, often while waiting for other medications to take effect. It can also be used as a \u201crescue\u201d treatment if there is an acute relapse of symptoms [<a href=\"https:\/\/www.myaware.org\/ivig-information-sheet\">4<\/a>]. When other therapies are not effective in managing symptoms and chronic relapses of symptoms occur, IVIG may be prescribed as maintenance therapy. Given regularly, IVIG maintains proper immune function and helps modulate the immune response and reduce the impact of harmful antibodies that would otherwise interfere with muscular contraction. However, the frequency of the treatment varies depending on the individual. The following factors are taken into consideration:<\/span><\/p>\n\n\n\n<ul class=\"wp-block-list\">\n<li><span style=\"font-weight: 400;\">Age<\/span><\/li>\n\n\n\n<li><span style=\"font-weight: 400;\">Medical history and overall health&nbsp;<\/span><\/li>\n\n\n\n<li><span style=\"font-weight: 400;\">Severity of MG&nbsp;<\/span><\/li>\n\n\n\n<li><span style=\"font-weight: 400;\">Patient preference<\/span><\/li>\n\n\n\n<li><span style=\"font-weight: 400;\">Allergies<\/span><\/li>\n<\/ul>\n\n\n\n<p><span style=\"font-weight: 400;\">Your doctor will personalize a treatment plan to best suit your condition and needs.&nbsp;<\/span><\/p>\n\n\n\n<div  id=\"call-to-action-c273a26f1a7ef60aca739a8a0feb01cd\" style=\"\" class=\"ct_call_to_action\">\n\t<div class=\"container\">\n\t\t<div class=\"block-wrap cta\">\n\t\t\t<div class=\"block-column\">\n\t\t\t\t<div class=\"cta_headings\">\n\t\t\t\t\t\t\t\t\t\t\t<h4 class=\"cta__heading\">\n\t\t\t\t\t\t\tGet IVIG Copay Assistance\t\t\t\t\t\t<\/h4>\n\t\t\t\t\t\t\t\t\t\t\t\t\t\t\t\t<span class=\"cta__sub__heading\">\n\t\t\t\t\t\t\tIVIG Financial Assistance\t\t\t\t\t\t<\/span>\n\t\t\t\t\t\t\t\t\t<\/div>\n\t\t\t\t\t\t\t\t\t<span class=\"cta_btn\">\n\t\t\t\t\t\t<a href=\"#form\">Consult an IVIG Specialist<\/a>\n\t\t\t\t\t\t\t\t\t\t\t<\/span>\n\t\t\t\t\t\t\t<\/div>\n\n\t\t<\/div>\n\t<\/div>\n<\/div>\n\n\n\n<h2 class=\"wp-block-heading\"><span class=\"ez-toc-section\" id=\"Why_Is_IVIG_So_Popular\"><\/span>Why Is IVIG So Popular?<span class=\"ez-toc-section-end\"><\/span><\/h2>\n\n\n\n<p><span style=\"font-weight: 400;\">IVIG is often used because it can provide relatively rapid symptom relief, particularly during MG exacerbations.<\/span><\/p>\n\n\n\n<p><span style=\"font-weight: 400;\">Also, IVIG has a very low risk of infection. Donors are thoroughly screened for certain infections and viruses, and donated blood plasma further undergoes extensive processing for purification and inactivation\/removal of certain viruses.&nbsp;<\/span><\/p>\n\n\n\n<h2 class=\"wp-block-heading\"><span class=\"ez-toc-section\" id=\"How_Is_IVIG_Administered\"><\/span>How Is IVIG Administered?<span class=\"ez-toc-section-end\"><\/span><\/h2>\n\n\n\n<p><span style=\"font-weight: 400;\">IVIG is given intravenously using an ambulatory <a href=\"https:\/\/www.fda.gov\/medical-devices\/infusion-pumps\/what-infusion-pump\">infusion pump<\/a>. This can be done at a doctor\u2019s office or in the comfort of a patient\u2019s home. A nurse will administer the medication and monitor vitals throughout the infusion, which can be 3 \u2013 5 hours long, depending on the dose. Pre-medications, such as Tylenol and Benadryl, are usually given before each infusion to help with side effects and any allergic reaction.&nbsp;<\/span><\/p>\n\n\n\n<h3 class=\"wp-block-heading\"><span class=\"ez-toc-section\" id=\"How_Long_Does_IVIG_Take_To_Work_in_Myasthenia_Gravis\"><\/span><span style=\"font-weight: 400;\">How Long Does IVIG Take To Work in Myasthenia Gravis?&nbsp;<\/span><span class=\"ez-toc-section-end\"><\/span><\/h3>\n\n\n\n<p><span style=\"font-weight: 400;\">Response varies from patient to patient. It may take a week or two before improvement is seen. The duration of improvement also varies but can last a few weeks to a few months.&nbsp;<\/span><\/p>\n\n\n\n<h3 class=\"wp-block-heading\"><span class=\"ez-toc-section\" id=\"How_Often_Can_You_Get_IVIG_Treatment_for_Myasthenia_Gravis\"><\/span><span style=\"font-weight: 400;\">How Often Can You Get IVIG Treatment for Myasthenia Gravis?<\/span><span class=\"ez-toc-section-end\"><\/span><\/h3>\n\n\n\n<p><span style=\"font-weight: 400;\">The frequency of IVIG for MG<\/span> <span style=\"font-weight: 400;\">depends on the urgency of treatment. It can be used either as a rescue therapy, such as during a myasthenic crisis or MG exacerbation, or as maintenance treatment. As a rescue therapy, the dose is divided over 2 to 5 consecutive days. When used to manage MG symptoms, patients will receive a routine maintenance dose every&nbsp;4 to 6 weeks. Depending on your response and symptoms, your doctor will make adjustments to your therapy.&nbsp;<\/span><\/p>\n\n\n\n<div  id=\"call-to-action-db87efb9fbe766c92daa49bdf8e96a53\" style=\"\" class=\"ct_call_to_action\">\n\t<div class=\"container\">\n\t\t<div class=\"block-wrap cta\">\n\t\t\t<div class=\"block-column\">\n\t\t\t\t<div class=\"cta_headings\">\n\t\t\t\t\t\t\t\t\t\t\t<h4 class=\"cta__heading\">\n\t\t\t\t\t\t\tGet IVIG Prior Authorization\t\t\t\t\t\t<\/h4>\n\t\t\t\t\t\t\t\t\t\t\t\t\t\t<\/div>\n\t\t\t\t\t\t\t\t\t<span class=\"cta_btn\">\n\t\t\t\t\t\t<a href=\"tel:8777780318\">(877) 778-0318<\/a>\n\t\t\t\t\t\t\t\t\t\t\t<\/span>\n\t\t\t\t\t\t\t<\/div>\n\n\t\t<\/div>\n\t<\/div>\n<\/div>\n\n\n\n<h2 class=\"wp-block-heading\"><span class=\"ez-toc-section\" id=\"Side_Effects\"><\/span>Side Effects<span class=\"ez-toc-section-end\"><\/span><\/h2>\n\n\n\n<p><span style=\"font-weight: 400;\">Side effects include:<\/span><\/p>\n\n\n\n<ul class=\"wp-block-list\">\n<li><span style=\"font-weight: 400;\">Headache<\/span><\/li>\n\n\n\n<li><span style=\"font-weight: 400;\">Fever<\/span><\/li>\n\n\n\n<li><span style=\"font-weight: 400;\">Flu-like muscle or joint pain<\/span><\/li>\n\n\n\n<li><span style=\"font-weight: 400;\">Stomachache<\/span><\/li>\n\n\n\n<li><span style=\"font-weight: 400;\">Fatigue<\/span><\/li>\n\n\n\n<li><span style=\"font-weight: 400;\">Chills<\/span><\/li>\n\n\n\n<li><span style=\"font-weight: 400;\">Flushing&nbsp;<\/span><\/li>\n\n\n\n<li><span style=\"font-weight: 400;\">Nausea<\/span><\/li>\n\n\n\n<li><span style=\"font-weight: 400;\">Rash<\/span><\/li>\n<\/ul>\n\n\n\n<p><span style=\"font-weight: 400;\">Most patients tolerate IVIG well, but the above side effects can occur. Premedications are often given to help prevent or reduce side effects. Slowing down the infusion rate may also help if side effects are experienced during infusion. A nurse will monitor you throughout the infusion and will slow down or stop the infusion as needed.<\/span><\/p>\n\n\n\n<p><span style=\"font-weight: 400;\">Adverse reactions such as renal dysfunction (kidney impairment), thrombotic events (blood clots), and aseptic meningitis may occur after infusion. Inform your doctor immediately if you start experiencing fluid retention (i.e., swelling in legs or ankles), shortness of breath, irregular heartbeat, pain or swelling in just one leg or arm, chest pain, fever, or a stiff neck.<\/span><\/p>\n\n\n\n<h2 class=\"wp-block-heading\"><span class=\"ez-toc-section\" id=\"Drug_Interactions\"><\/span>Drug Interactions<span class=\"ez-toc-section-end\"><\/span><\/h2>\n\n\n\n<p><span style=\"font-weight: 400;\">IVIG does not usually interfere with other medications. However, passive transfer of antibodies from the product itself may temporarily impair the immune response to live vaccines and alter its effectiveness. Therefore, IVIG administration and vaccine administration should be separated.<\/span><\/p>\n\n\n\n<p><span style=\"font-weight: 400;\">It is important that you let your doctor know all medications you are taking and any recent vaccinations before starting IVIG.&nbsp;<\/span><\/p>\n\n\n\n<h3 class=\"wp-block-heading\"><span class=\"ez-toc-section\" id=\"Pregnancy_and_Breastfeeding\"><\/span><span style=\"font-weight: 400;\">Pregnancy and Breastfeeding<\/span><span class=\"ez-toc-section-end\"><\/span><\/h3>\n\n\n\n<p><span style=\"font-weight: 400;\">IVIG is safe to use during pregnancy and is compatible with breastfeeding.&nbsp;<\/span><\/p>\n\n\n\n<h2 class=\"wp-block-heading\"><span class=\"ez-toc-section\" id=\"Cost_of_IVIG_for_Myasthenia_Gravis\"><\/span>Cost of IVIG for Myasthenia Gravis<span class=\"ez-toc-section-end\"><\/span><\/h2>\n\n\n\n<p><span style=\"font-weight: 400;\">IVIG can be costly and depends on numerous factors, which include:<\/span><\/p>\n\n\n\n<ul class=\"wp-block-list\">\n<li><span style=\"font-weight: 400;\">Diagnosis<\/span><\/li>\n\n\n\n<li><span style=\"font-weight: 400;\">Weight<\/span><\/li>\n\n\n\n<li><span style=\"font-weight: 400;\">The number of doses needed<\/span><\/li>\n\n\n\n<li><span style=\"font-weight: 400;\">Length of treatment&nbsp;<\/span><\/li>\n\n\n\n<li><a href=\"https:\/\/ameripharmaspecialty.com\/ivig\/ivig\/\/ivig-brand-reviews\/\"><span style=\"font-weight: 400;\">Brand<\/span><\/a><\/li>\n<\/ul>\n\n\n\n<p><span style=\"font-weight: 400;\">For these reasons, the price of IVIG varies from one person to another. Typically, the cost ranges from $100 to $350 per gram. Insurance coverage will also determine how much you will need to pay to receive treatment.&nbsp;<\/span><\/p>\n\n\n\n<h2 class=\"wp-block-heading\"><span class=\"ez-toc-section\" id=\"Copay_Assistance\"><\/span>Copay Assistance<span class=\"ez-toc-section-end\"><\/span><\/h2>\n\n\n\n<p><span style=\"font-weight: 400;\">To offset costs, there is funding available from various foundations and copay assistance programs. <a href=\"https:\/\/ameripharmaspecialty.com\/financial-assistance\/#apply-for-co-pay-assistance\">Complete this HIPAA-compliant<\/a><\/span> <span style=\"font-weight: 400;\"><a href=\"https:\/\/ameripharmaspecialty.com\/financial-assistance\/#apply-for-co-pay-assistance\">form<\/a> to get assistance in finding funding. If you qualify, costs may be greatly reduced. Patients can check their copay eligibility through any of three ways:&nbsp;<\/span><\/p>\n\n\n\n<ul class=\"wp-block-list\">\n<li><span style=\"font-weight: 400;\">Reach out to your pharmacy provider.<\/span><\/li>\n\n\n\n<li><span style=\"font-weight: 400;\">Research non-profit organizations that can help with financial assistance.&nbsp;<\/span><\/li>\n\n\n\n<li><span style=\"font-weight: 400;\">Reach out to the <a href=\"https:\/\/ameripharmaspecialty.com\/ivig\/ivig\/\/ivig-brand-reviews\/\">IVIG brand<\/a> manufacturer.<\/span><span style=\"font-weight: 400;\">&nbsp;<\/span><\/li>\n<\/ul>\n\n\n\n<div  id=\"call-to-action-efda960ee968683b5d7dc1563b5793d3\" style=\"\" class=\"ct_call_to_action\">\n\t<div class=\"container\">\n\t\t<div class=\"block-wrap cta\">\n\t\t\t<div class=\"block-column\">\n\t\t\t\t<div class=\"cta_headings\">\n\t\t\t\t\t\t\t\t\t\t\t<h4 class=\"cta__heading\">\n\t\t\t\t\t\t\tGet IVIG Copay Assistance\t\t\t\t\t\t<\/h4>\n\t\t\t\t\t\t\t\t\t\t\t\t\t\t\t\t<span class=\"cta__sub__heading\">\n\t\t\t\t\t\t\tSpeak to a Specialist\t\t\t\t\t\t<\/span>\n\t\t\t\t\t\t\t\t\t<\/div>\n\t\t\t\t\t\t\t\t\t<span class=\"cta_btn\">\n\t\t\t\t\t\t<a href=\"#form\">Consult an IVIG Specialist<\/a>\n\t\t\t\t\t\t\t\t\t\t\t<\/span>\n\t\t\t\t\t\t\t<\/div>\n\n\t\t<\/div>\n\t<\/div>\n<\/div>\n\n\n\n<h2 class=\"wp-block-heading\"><span class=\"ez-toc-section\" id=\"Final_Thoughts\"><\/span>Final Thoughts<span class=\"ez-toc-section-end\"><\/span><\/h2>\n\n\n\n<p><span style=\"font-weight: 400;\">IVIG may be recommended for certain patients with MG, particularly during severe symptom flare-ups or when rapid symptom control is needed. Although it may not make MG disappear, it is effective in controlling symptoms and improving quality of life. Speak to your doctor or <a href=\"https:\/\/ameripharmaspecialty.com\/contact-us\/\">contact us<\/a> today to see how we can assist.<\/span><\/p>\n\n\n\n<p><\/p>\n\n\n      \n\t\t\t<div class=\"uagb-icon-wrapper uagb-block-      \"\n\t\t\tstyle=\"\" >\n\t\t\t\t\t\t\t\t\t<span class=\"uagb-svg-wrapper\" \n\t\t\t\t\t aria-label=\"circle-check\"\t\t\t\t\ttabindex=\"0\">\t\t\n\t\t\t\t\t\t\t\t\t\t<svg xmlns=\"https:\/\/www.w3.org\/2000\/svg\" viewBox= \"0 0 512 512\" role=\"graphics-symbol\" aria-hidden=\"false\" aria-label=\"\"><path d=\"M0 256C0 114.6 114.6 0 256 0C397.4 0 512 114.6 512 256C512 397.4 397.4 512 256 512C114.6 512 0 397.4 0 256zM371.8 211.8C382.7 200.9 382.7 183.1 371.8 172.2C360.9 161.3 343.1 161.3 332.2 172.2L224 280.4L179.8 236.2C168.9 225.3 151.1 225.3 140.2 236.2C129.3 247.1 129.3 264.9 140.2 275.8L204.2 339.8C215.1 350.7 232.9 350.7 243.8 339.8L371.8 211.8z\"><\/path><\/svg>\n\t\t\t\t\t\t\t\t\t<\/span>\n\t\t\t\t\t\t\t<\/div>\n\t\t\t","protected":false},"excerpt":{"rendered":"<p>La miastenia gravis (MG) es un trastorno autoinmune cr\u00f3nico en el que los anticuerpos del propio organismo destruyen la comunicaci\u00f3n entre nervios y m\u00fasculos, debilitando as\u00ed los m\u00fasculos esquel\u00e9ticos. Esta afecci\u00f3n puede afectar a cualquiera de los m\u00fasculos voluntarios del cuerpo, pero ciertos grupos musculares se ven afectados con mayor frecuencia que otros.<\/p>","protected":false},"author":9,"featured_media":20324,"comment_status":"closed","ping_status":"closed","sticky":false,"template":"","format":"standard","meta":{"_acf_changed":false,"om_disable_all_campaigns":false,"_uag_custom_page_level_css":"","footnotes":""},"categories":[7,10],"tags":[9],"class_list":["post-20323","post","type-post","status-publish","format-standard","has-post-thumbnail","hentry","category-ivig","category-myasthenia-gravis","tag-dr-stephanie-shieh"],"acf":[],"yoast_head":"<!-- This site is optimized with the Yoast SEO plugin v27.4 - https:\/\/yoast.com\/product\/yoast-seo-wordpress\/ -->\n<title>IVIG Therapy for Myasthenia Gravis: How it Works | AmeriPharma<\/title>\n<meta name=\"description\" content=\"Learn how IVIG for myasthenia gravis works, how it&#039;s administered, and what side effects to expect. Expert guidance from AmeriPharma Specialty Care.\" \/>\n<meta name=\"robots\" content=\"index, follow, max-snippet:-1, max-image-preview:large, max-video-preview:-1\" \/>\n<link rel=\"canonical\" href=\"https:\/\/ameripharmaspecialty.com\/es\/ivig\/ivig-for-myasthenia-gravis\/\" \/>\n<meta property=\"og:locale\" content=\"es_MX\" \/>\n<meta property=\"og:type\" content=\"article\" \/>\n<meta property=\"og:title\" content=\"IVIG Therapy for Myasthenia Gravis: How it Works | AmeriPharma\" \/>\n<meta property=\"og:description\" content=\"Learn how IVIG for myasthenia gravis works, how it&#039;s administered, and what side effects to expect. Expert guidance from AmeriPharma Specialty Care.\" \/>\n<meta property=\"og:url\" content=\"https:\/\/ameripharmaspecialty.com\/es\/ivig\/ivig-for-myasthenia-gravis\/\" \/>\n<meta property=\"og:site_name\" content=\"AmeriPharma\u00ae Specialty Care\" \/>\n<meta property=\"article:publisher\" content=\"https:\/\/www.facebook.com\/ameripharma\/\" \/>\n<meta property=\"article:published_time\" content=\"2022-05-27T20:59:39+00:00\" \/>\n<meta property=\"article:modified_time\" content=\"2026-04-07T17:39:29+00:00\" \/>\n<meta property=\"og:image\" content=\"https:\/\/ameripharmaspecialty.com\/wp-content\/uploads\/2022\/05\/ivig-myasthenia-gravis.jpg\" \/>\n\t<meta property=\"og:image:width\" content=\"1280\" \/>\n\t<meta property=\"og:image:height\" content=\"853\" \/>\n\t<meta property=\"og:image:type\" content=\"image\/jpeg\" \/>\n<meta name=\"author\" content=\"Dr. Stephanie Shieh, PharmD\" \/>\n<meta name=\"twitter:card\" content=\"summary_large_image\" \/>\n<meta name=\"twitter:label1\" content=\"Written by\" \/>\n\t<meta name=\"twitter:data1\" content=\"Dr. Stephanie Shieh, PharmD\" \/>\n\t<meta name=\"twitter:label2\" content=\"Est. reading time\" \/>\n\t<meta name=\"twitter:data2\" content=\"6 minutos\" \/>\n<script type=\"application\/ld+json\" class=\"yoast-schema-graph\">{\"@context\":\"https:\\\/\\\/schema.org\",\"@graph\":[{\"@type\":\"Article\",\"@id\":\"https:\\\/\\\/ameripharmaspecialty.com\\\/zh\\\/ivig\\\/ivig-for-myasthenia-gravis\\\/#article\",\"isPartOf\":{\"@id\":\"https:\\\/\\\/ameripharmaspecialty.com\\\/zh\\\/ivig\\\/ivig-for-myasthenia-gravis\\\/\"},\"author\":{\"name\":\"Dr. Stephanie Shieh, PharmD\",\"@id\":\"https:\\\/\\\/ameripharmaspecialty.com\\\/#\\\/schema\\\/person\\\/fa3e6923d70031df69b97d6c635ff5c8\"},\"headline\":\"How Does Ivig Help With Myasthenia Gravis?\",\"datePublished\":\"2022-05-27T20:59:39+00:00\",\"dateModified\":\"2026-04-07T17:39:29+00:00\",\"mainEntityOfPage\":{\"@id\":\"https:\\\/\\\/ameripharmaspecialty.com\\\/zh\\\/ivig\\\/ivig-for-myasthenia-gravis\\\/\"},\"wordCount\":1282,\"publisher\":{\"@id\":\"https:\\\/\\\/ameripharmaspecialty.com\\\/#organization\"},\"image\":{\"@id\":\"https:\\\/\\\/ameripharmaspecialty.com\\\/zh\\\/ivig\\\/ivig-for-myasthenia-gravis\\\/#primaryimage\"},\"thumbnailUrl\":\"https:\\\/\\\/ameripharmaspecialty.com\\\/wp-content\\\/uploads\\\/2022\\\/05\\\/ivig-myasthenia-gravis.jpg\",\"keywords\":[\"Dr. Stephanie Shieh\"],\"articleSection\":[\"IVIG\",\"Myasthenia Gravis\"],\"inLanguage\":\"es\"},{\"@type\":\"WebPage\",\"@id\":\"https:\\\/\\\/ameripharmaspecialty.com\\\/zh\\\/ivig\\\/ivig-for-myasthenia-gravis\\\/\",\"url\":\"https:\\\/\\\/ameripharmaspecialty.com\\\/zh\\\/ivig\\\/ivig-for-myasthenia-gravis\\\/\",\"name\":\"IVIG Therapy for Myasthenia Gravis: How it Works | AmeriPharma\",\"isPartOf\":{\"@id\":\"https:\\\/\\\/ameripharmaspecialty.com\\\/#website\"},\"primaryImageOfPage\":{\"@id\":\"https:\\\/\\\/ameripharmaspecialty.com\\\/zh\\\/ivig\\\/ivig-for-myasthenia-gravis\\\/#primaryimage\"},\"image\":{\"@id\":\"https:\\\/\\\/ameripharmaspecialty.com\\\/zh\\\/ivig\\\/ivig-for-myasthenia-gravis\\\/#primaryimage\"},\"thumbnailUrl\":\"https:\\\/\\\/ameripharmaspecialty.com\\\/wp-content\\\/uploads\\\/2022\\\/05\\\/ivig-myasthenia-gravis.jpg\",\"datePublished\":\"2022-05-27T20:59:39+00:00\",\"dateModified\":\"2026-04-07T17:39:29+00:00\",\"description\":\"Learn how IVIG for myasthenia gravis works, how it's administered, and what side effects to expect. Expert guidance from AmeriPharma Specialty Care.\",\"breadcrumb\":{\"@id\":\"https:\\\/\\\/ameripharmaspecialty.com\\\/zh\\\/ivig\\\/ivig-for-myasthenia-gravis\\\/#breadcrumb\"},\"inLanguage\":\"es\",\"potentialAction\":[{\"@type\":\"ReadAction\",\"target\":[\"https:\\\/\\\/ameripharmaspecialty.com\\\/zh\\\/ivig\\\/ivig-for-myasthenia-gravis\\\/\"]}]},{\"@type\":\"ImageObject\",\"inLanguage\":\"es\",\"@id\":\"https:\\\/\\\/ameripharmaspecialty.com\\\/zh\\\/ivig\\\/ivig-for-myasthenia-gravis\\\/#primaryimage\",\"url\":\"https:\\\/\\\/ameripharmaspecialty.com\\\/wp-content\\\/uploads\\\/2022\\\/05\\\/ivig-myasthenia-gravis.jpg\",\"contentUrl\":\"https:\\\/\\\/ameripharmaspecialty.com\\\/wp-content\\\/uploads\\\/2022\\\/05\\\/ivig-myasthenia-gravis.jpg\",\"width\":1280,\"height\":853,\"caption\":\"IVIG for Myasthenia Gravis Treatment - Financial Assistance\"},{\"@type\":\"BreadcrumbList\",\"@id\":\"https:\\\/\\\/ameripharmaspecialty.com\\\/zh\\\/ivig\\\/ivig-for-myasthenia-gravis\\\/#breadcrumb\",\"itemListElement\":[{\"@type\":\"ListItem\",\"position\":1,\"name\":\"Home\",\"item\":\"https:\\\/\\\/ameripharmaspecialty.com\\\/es\\\/\"},{\"@type\":\"ListItem\",\"position\":2,\"name\":\"How Does Ivig Help With Myasthenia Gravis?\"}]},{\"@type\":\"WebSite\",\"@id\":\"https:\\\/\\\/ameripharmaspecialty.com\\\/#website\",\"url\":\"https:\\\/\\\/ameripharmaspecialty.com\\\/\",\"name\":\"AmeriPharma\u00ae Specialty Care\",\"description\":\"Specialty Care by AmeriPharma\",\"publisher\":{\"@id\":\"https:\\\/\\\/ameripharmaspecialty.com\\\/#organization\"},\"potentialAction\":[{\"@type\":\"SearchAction\",\"target\":{\"@type\":\"EntryPoint\",\"urlTemplate\":\"https:\\\/\\\/ameripharmaspecialty.com\\\/?s={search_term_string}\"},\"query-input\":{\"@type\":\"PropertyValueSpecification\",\"valueRequired\":true,\"valueName\":\"search_term_string\"}}],\"inLanguage\":\"es\"},{\"@type\":\"Organization\",\"@id\":\"https:\\\/\\\/ameripharmaspecialty.com\\\/#organization\",\"name\":\"Ameripharma Specialty Care\",\"url\":\"https:\\\/\\\/ameripharmaspecialty.com\\\/\",\"logo\":{\"@type\":\"ImageObject\",\"inLanguage\":\"es\",\"@id\":\"https:\\\/\\\/ameripharmaspecialty.com\\\/#\\\/schema\\\/logo\\\/image\\\/\",\"url\":\"https:\\\/\\\/ameripharmaspecialty.com\\\/wp-content\\\/uploads\\\/2024\\\/07\\\/specialty-care-logo-large-square.png\",\"contentUrl\":\"https:\\\/\\\/ameripharmaspecialty.com\\\/wp-content\\\/uploads\\\/2024\\\/07\\\/specialty-care-logo-large-square.png\",\"width\":400,\"height\":400,\"caption\":\"Ameripharma Specialty Care\"},\"image\":{\"@id\":\"https:\\\/\\\/ameripharmaspecialty.com\\\/#\\\/schema\\\/logo\\\/image\\\/\"},\"sameAs\":[\"https:\\\/\\\/www.facebook.com\\\/ameripharma\\\/\"]},{\"@type\":\"Person\",\"@id\":\"https:\\\/\\\/ameripharmaspecialty.com\\\/#\\\/schema\\\/person\\\/fa3e6923d70031df69b97d6c635ff5c8\",\"name\":\"Dr. Stephanie Shieh, PharmD\",\"image\":{\"@type\":\"ImageObject\",\"inLanguage\":\"es\",\"@id\":\"https:\\\/\\\/secure.gravatar.com\\\/avatar\\\/17407fcaa2338528a97840a39d751fc8d0c3680456bf6472a12061869c935718?s=96&d=mm&r=g\",\"url\":\"https:\\\/\\\/secure.gravatar.com\\\/avatar\\\/17407fcaa2338528a97840a39d751fc8d0c3680456bf6472a12061869c935718?s=96&d=mm&r=g\",\"contentUrl\":\"https:\\\/\\\/secure.gravatar.com\\\/avatar\\\/17407fcaa2338528a97840a39d751fc8d0c3680456bf6472a12061869c935718?s=96&d=mm&r=g\",\"caption\":\"Dr. Stephanie Shieh, PharmD\"},\"description\":\"Dr. Stephanie Shieh, PharmD was born in Kentucky and raised in Southern Los Angeles. She attended the Western University of Health Sciences and has been a practicing pharmacist for 7 years. The most rewarding part of her job is seeing her patients happy - whether it\u2019s helping them understand their medication, catching a drug interaction, or being able to communicate with their doctor to improve their therapy. She is currently precepting students from Marshall B. Ketchum University. In her free time, she enjoys spending quality time with her husband and 2 daughters. They love playing outside, doing arts and crafts, and having family dinner.\",\"url\":\"https:\\\/\\\/ameripharmaspecialty.com\\\/es\\\/author\\\/stephanie-shieh\\\/\"}]}<\/script>\n<!-- \/ Yoast SEO plugin. -->","yoast_head_json":{"title":"IVIG Therapy for Myasthenia Gravis: How it Works | AmeriPharma","description":"Learn how IVIG for myasthenia gravis works, how it's administered, and what side effects to expect. Expert guidance from AmeriPharma Specialty Care.","robots":{"index":"index","follow":"follow","max-snippet":"max-snippet:-1","max-image-preview":"max-image-preview:large","max-video-preview":"max-video-preview:-1"},"canonical":"https:\/\/ameripharmaspecialty.com\/es\/ivig\/ivig-for-myasthenia-gravis\/","og_locale":"es_MX","og_type":"article","og_title":"IVIG Therapy for Myasthenia Gravis: How it Works | AmeriPharma","og_description":"Learn how IVIG for myasthenia gravis works, how it's administered, and what side effects to expect. Expert guidance from AmeriPharma Specialty Care.","og_url":"https:\/\/ameripharmaspecialty.com\/es\/ivig\/ivig-for-myasthenia-gravis\/","og_site_name":"AmeriPharma\u00ae Specialty Care","article_publisher":"https:\/\/www.facebook.com\/ameripharma\/","article_published_time":"2022-05-27T20:59:39+00:00","article_modified_time":"2026-04-07T17:39:29+00:00","og_image":[{"width":1280,"height":853,"url":"https:\/\/ameripharmaspecialty.com\/wp-content\/uploads\/2022\/05\/ivig-myasthenia-gravis.jpg","type":"image\/jpeg"}],"author":"Dr. Stephanie Shieh, PharmD","twitter_card":"summary_large_image","twitter_misc":{"Written by":"Dr. Stephanie Shieh, PharmD","Est. reading time":"6 minutos"},"schema":{"@context":"https:\/\/schema.org","@graph":[{"@type":"Article","@id":"https:\/\/ameripharmaspecialty.com\/zh\/ivig\/ivig-for-myasthenia-gravis\/#article","isPartOf":{"@id":"https:\/\/ameripharmaspecialty.com\/zh\/ivig\/ivig-for-myasthenia-gravis\/"},"author":{"name":"Dr. Stephanie Shieh, PharmD","@id":"https:\/\/ameripharmaspecialty.com\/#\/schema\/person\/fa3e6923d70031df69b97d6c635ff5c8"},"headline":"How Does Ivig Help With Myasthenia Gravis?","datePublished":"2022-05-27T20:59:39+00:00","dateModified":"2026-04-07T17:39:29+00:00","mainEntityOfPage":{"@id":"https:\/\/ameripharmaspecialty.com\/zh\/ivig\/ivig-for-myasthenia-gravis\/"},"wordCount":1282,"publisher":{"@id":"https:\/\/ameripharmaspecialty.com\/#organization"},"image":{"@id":"https:\/\/ameripharmaspecialty.com\/zh\/ivig\/ivig-for-myasthenia-gravis\/#primaryimage"},"thumbnailUrl":"https:\/\/ameripharmaspecialty.com\/wp-content\/uploads\/2022\/05\/ivig-myasthenia-gravis.jpg","keywords":["Dr. Stephanie Shieh"],"articleSection":["IVIG","Myasthenia Gravis"],"inLanguage":"es"},{"@type":"WebPage","@id":"https:\/\/ameripharmaspecialty.com\/zh\/ivig\/ivig-for-myasthenia-gravis\/","url":"https:\/\/ameripharmaspecialty.com\/zh\/ivig\/ivig-for-myasthenia-gravis\/","name":"IVIG Therapy for Myasthenia Gravis: How it Works | AmeriPharma","isPartOf":{"@id":"https:\/\/ameripharmaspecialty.com\/#website"},"primaryImageOfPage":{"@id":"https:\/\/ameripharmaspecialty.com\/zh\/ivig\/ivig-for-myasthenia-gravis\/#primaryimage"},"image":{"@id":"https:\/\/ameripharmaspecialty.com\/zh\/ivig\/ivig-for-myasthenia-gravis\/#primaryimage"},"thumbnailUrl":"https:\/\/ameripharmaspecialty.com\/wp-content\/uploads\/2022\/05\/ivig-myasthenia-gravis.jpg","datePublished":"2022-05-27T20:59:39+00:00","dateModified":"2026-04-07T17:39:29+00:00","description":"Learn how IVIG for myasthenia gravis works, how it's administered, and what side effects to expect. Expert guidance from AmeriPharma Specialty Care.","breadcrumb":{"@id":"https:\/\/ameripharmaspecialty.com\/zh\/ivig\/ivig-for-myasthenia-gravis\/#breadcrumb"},"inLanguage":"es","potentialAction":[{"@type":"ReadAction","target":["https:\/\/ameripharmaspecialty.com\/zh\/ivig\/ivig-for-myasthenia-gravis\/"]}]},{"@type":"ImageObject","inLanguage":"es","@id":"https:\/\/ameripharmaspecialty.com\/zh\/ivig\/ivig-for-myasthenia-gravis\/#primaryimage","url":"https:\/\/ameripharmaspecialty.com\/wp-content\/uploads\/2022\/05\/ivig-myasthenia-gravis.jpg","contentUrl":"https:\/\/ameripharmaspecialty.com\/wp-content\/uploads\/2022\/05\/ivig-myasthenia-gravis.jpg","width":1280,"height":853,"caption":"IVIG for Myasthenia Gravis Treatment - Financial Assistance"},{"@type":"BreadcrumbList","@id":"https:\/\/ameripharmaspecialty.com\/zh\/ivig\/ivig-for-myasthenia-gravis\/#breadcrumb","itemListElement":[{"@type":"ListItem","position":1,"name":"Home","item":"https:\/\/ameripharmaspecialty.com\/es\/"},{"@type":"ListItem","position":2,"name":"How Does Ivig Help With Myasthenia Gravis?"}]},{"@type":"WebSite","@id":"https:\/\/ameripharmaspecialty.com\/#website","url":"https:\/\/ameripharmaspecialty.com\/","name":"Cuidado especializado AmeriPharma\u00ae","description":"Atenci\u00f3n especializada por AmeriPharma","publisher":{"@id":"https:\/\/ameripharmaspecialty.com\/#organization"},"potentialAction":[{"@type":"SearchAction","target":{"@type":"EntryPoint","urlTemplate":"https:\/\/ameripharmaspecialty.com\/?s={search_term_string}"},"query-input":{"@type":"PropertyValueSpecification","valueRequired":true,"valueName":"search_term_string"}}],"inLanguage":"es"},{"@type":"Organization","@id":"https:\/\/ameripharmaspecialty.com\/#organization","name":"Atenci\u00f3n especializada de Ameripharma","url":"https:\/\/ameripharmaspecialty.com\/","logo":{"@type":"ImageObject","inLanguage":"es","@id":"https:\/\/ameripharmaspecialty.com\/#\/schema\/logo\/image\/","url":"https:\/\/ameripharmaspecialty.com\/wp-content\/uploads\/2024\/07\/specialty-care-logo-large-square.png","contentUrl":"https:\/\/ameripharmaspecialty.com\/wp-content\/uploads\/2024\/07\/specialty-care-logo-large-square.png","width":400,"height":400,"caption":"Ameripharma Specialty Care"},"image":{"@id":"https:\/\/ameripharmaspecialty.com\/#\/schema\/logo\/image\/"},"sameAs":["https:\/\/www.facebook.com\/ameripharma\/"]},{"@type":"Person","@id":"https:\/\/ameripharmaspecialty.com\/#\/schema\/person\/fa3e6923d70031df69b97d6c635ff5c8","name":"Dra. Stephanie Shieh, PharmD","image":{"@type":"ImageObject","inLanguage":"es","@id":"https:\/\/secure.gravatar.com\/avatar\/17407fcaa2338528a97840a39d751fc8d0c3680456bf6472a12061869c935718?s=96&d=mm&r=g","url":"https:\/\/secure.gravatar.com\/avatar\/17407fcaa2338528a97840a39d751fc8d0c3680456bf6472a12061869c935718?s=96&d=mm&r=g","contentUrl":"https:\/\/secure.gravatar.com\/avatar\/17407fcaa2338528a97840a39d751fc8d0c3680456bf6472a12061869c935718?s=96&d=mm&r=g","caption":"Dr. Stephanie Shieh, PharmD"},"description":"La Dra. Stephanie Shieh, doctora en farmacia, naci\u00f3 en Kentucky y se crio en el sur de Los \u00c1ngeles. Estudi\u00f3 en la Universidad Western de Ciencias de la Salud y lleva 7 a\u00f1os ejerciendo como farmac\u00e9utica. Lo m\u00e1s gratificante de su trabajo es ver a sus pacientes felices, ya sea ayud\u00e1ndolos a comprender sus medicamentos, detectar interacciones farmacol\u00f3gicas o comunicarse con su m\u00e9dico para mejorar su terapia. Actualmente imparte clases particulares a estudiantes de la Universidad Marshall B. Ketchum. En su tiempo libre, disfruta de pasar tiempo de calidad con su esposo y sus dos hijas. Les encanta jugar al aire libre, hacer manualidades y cenar en familia.","url":"https:\/\/ameripharmaspecialty.com\/es\/author\/stephanie-shieh\/"}]}},"uagb_featured_image_src":{"full":["https:\/\/ameripharmaspecialty.com\/wp-content\/uploads\/2022\/05\/ivig-myasthenia-gravis.jpg",1280,853,false],"thumbnail":["https:\/\/ameripharmaspecialty.com\/wp-content\/uploads\/2022\/05\/ivig-myasthenia-gravis-150x150.jpg",150,150,true],"medium":["https:\/\/ameripharmaspecialty.com\/wp-content\/uploads\/2022\/05\/ivig-myasthenia-gravis-300x200.jpg",300,200,true],"medium_large":["https:\/\/ameripharmaspecialty.com\/wp-content\/uploads\/2022\/05\/ivig-myasthenia-gravis-768x512.jpg",768,512,true],"large":["https:\/\/ameripharmaspecialty.com\/wp-content\/uploads\/2022\/05\/ivig-myasthenia-gravis-1024x682.jpg",1024,682,true],"1536x1536":["https:\/\/ameripharmaspecialty.com\/wp-content\/uploads\/2022\/05\/ivig-myasthenia-gravis.jpg",1280,853,false],"2048x2048":["https:\/\/ameripharmaspecialty.com\/wp-content\/uploads\/2022\/05\/ivig-myasthenia-gravis.jpg",1280,853,false],"trp-custom-language-flag":["https:\/\/ameripharmaspecialty.com\/wp-content\/uploads\/2022\/05\/ivig-myasthenia-gravis.jpg",18,12,false],"block-image-html-large":["https:\/\/ameripharmaspecialty.com\/wp-content\/uploads\/2022\/05\/ivig-myasthenia-gravis.jpg",600,400,false],"ct-gallery":["https:\/\/ameripharmaspecialty.com\/wp-content\/uploads\/2022\/05\/ivig-myasthenia-gravis-330x220.jpg",330,220,true],"ct-section-header":["https:\/\/ameripharmaspecialty.com\/wp-content\/uploads\/2022\/05\/ivig-myasthenia-gravis-1146x380.jpg",1146,380,true],"ct-thumb":["https:\/\/ameripharmaspecialty.com\/wp-content\/uploads\/2022\/05\/ivig-myasthenia-gravis-86x57.jpg",86,57,true],"ct-thumb-large":["https:\/\/ameripharmaspecialty.com\/wp-content\/uploads\/2022\/05\/ivig-myasthenia-gravis-167x111.jpg",167,111,true],"ct-small":["https:\/\/ameripharmaspecialty.com\/wp-content\/uploads\/2022\/05\/ivig-myasthenia-gravis-280x187.jpg",280,187,true],"ct-medium":["https:\/\/ameripharmaspecialty.com\/wp-content\/uploads\/2022\/05\/ivig-myasthenia-gravis-370x247.jpg",370,247,true],"ct-xmedium":["https:\/\/ameripharmaspecialty.com\/wp-content\/uploads\/2022\/05\/ivig-myasthenia-gravis-960x640.jpg",960,640,true],"ct-large":["https:\/\/ameripharmaspecialty.com\/wp-content\/uploads\/2022\/05\/ivig-myasthenia-gravis.jpg",1280,853,false]},"uagb_author_info":{"display_name":"Dr. Stephanie Shieh, PharmD","author_link":"https:\/\/ameripharmaspecialty.com\/es\/author\/stephanie-shieh\/"},"uagb_comment_info":1,"uagb_excerpt":"Myasthenia gravis (MG) is a chronic autoimmune disorder in which the body's own antibodies destroy the communication between nerves and muscles, consequently weakening skeletal muscles. This condition can affect any of the voluntary muscles of the body, but certain muscle groups are more commonly affected than others.","rttpg_featured_image_url":{"full":["https:\/\/ameripharmaspecialty.com\/wp-content\/uploads\/2022\/05\/ivig-myasthenia-gravis.jpg",1280,853,false],"landscape":["https:\/\/ameripharmaspecialty.com\/wp-content\/uploads\/2022\/05\/ivig-myasthenia-gravis.jpg",1280,853,false],"portraits":["https:\/\/ameripharmaspecialty.com\/wp-content\/uploads\/2022\/05\/ivig-myasthenia-gravis.jpg",1280,853,false],"thumbnail":["https:\/\/ameripharmaspecialty.com\/wp-content\/uploads\/2022\/05\/ivig-myasthenia-gravis-150x150.jpg",150,150,true],"medium":["https:\/\/ameripharmaspecialty.com\/wp-content\/uploads\/2022\/05\/ivig-myasthenia-gravis-300x200.jpg",300,200,true],"large":["https:\/\/ameripharmaspecialty.com\/wp-content\/uploads\/2022\/05\/ivig-myasthenia-gravis-1024x682.jpg",1024,682,true],"1536x1536":["https:\/\/ameripharmaspecialty.com\/wp-content\/uploads\/2022\/05\/ivig-myasthenia-gravis.jpg",1280,853,false],"2048x2048":["https:\/\/ameripharmaspecialty.com\/wp-content\/uploads\/2022\/05\/ivig-myasthenia-gravis.jpg",1280,853,false],"trp-custom-language-flag":["https:\/\/ameripharmaspecialty.com\/wp-content\/uploads\/2022\/05\/ivig-myasthenia-gravis.jpg",18,12,false],"block-image-html-large":["https:\/\/ameripharmaspecialty.com\/wp-content\/uploads\/2022\/05\/ivig-myasthenia-gravis.jpg",600,400,false],"ct-gallery":["https:\/\/ameripharmaspecialty.com\/wp-content\/uploads\/2022\/05\/ivig-myasthenia-gravis-330x220.jpg",330,220,true],"ct-section-header":["https:\/\/ameripharmaspecialty.com\/wp-content\/uploads\/2022\/05\/ivig-myasthenia-gravis-1146x380.jpg",1146,380,true],"ct-thumb":["https:\/\/ameripharmaspecialty.com\/wp-content\/uploads\/2022\/05\/ivig-myasthenia-gravis-86x57.jpg",86,57,true],"ct-thumb-large":["https:\/\/ameripharmaspecialty.com\/wp-content\/uploads\/2022\/05\/ivig-myasthenia-gravis-167x111.jpg",167,111,true],"ct-small":["https:\/\/ameripharmaspecialty.com\/wp-content\/uploads\/2022\/05\/ivig-myasthenia-gravis-280x187.jpg",280,187,true],"ct-medium":["https:\/\/ameripharmaspecialty.com\/wp-content\/uploads\/2022\/05\/ivig-myasthenia-gravis-370x247.jpg",370,247,true],"ct-xmedium":["https:\/\/ameripharmaspecialty.com\/wp-content\/uploads\/2022\/05\/ivig-myasthenia-gravis-960x640.jpg",960,640,true],"ct-large":["https:\/\/ameripharmaspecialty.com\/wp-content\/uploads\/2022\/05\/ivig-myasthenia-gravis.jpg",1280,853,false]},"rttpg_author":{"display_name":"Dr. Stephanie Shieh, PharmD","author_link":"https:\/\/ameripharmaspecialty.com\/es\/author\/stephanie-shieh\/"},"rttpg_comment":1,"rttpg_category":"<a href=\"https:\/\/ameripharmaspecialty.com\/es\/category\/ivig\/\" rel=\"category tag\">IVIG<\/a> <a href=\"https:\/\/ameripharmaspecialty.com\/es\/category\/myasthenia-gravis\/\" rel=\"category tag\">Myasthenia Gravis<\/a>","rttpg_excerpt":"Myasthenia gravis (MG) is a chronic autoimmune disorder in which the body's own antibodies destroy the communication between nerves and muscles, consequently weakening skeletal muscles. This condition can affect any of the voluntary muscles of the body, but certain muscle groups are more commonly affected than others.","_links":{"self":[{"href":"https:\/\/ameripharmaspecialty.com\/es\/wp-json\/wp\/v2\/posts\/20323","targetHints":{"allow":["GET"]}}],"collection":[{"href":"https:\/\/ameripharmaspecialty.com\/es\/wp-json\/wp\/v2\/posts"}],"about":[{"href":"https:\/\/ameripharmaspecialty.com\/es\/wp-json\/wp\/v2\/types\/post"}],"author":[{"embeddable":true,"href":"https:\/\/ameripharmaspecialty.com\/es\/wp-json\/wp\/v2\/users\/9"}],"replies":[{"embeddable":true,"href":"https:\/\/ameripharmaspecialty.com\/es\/wp-json\/wp\/v2\/comments?post=20323"}],"version-history":[{"count":0,"href":"https:\/\/ameripharmaspecialty.com\/es\/wp-json\/wp\/v2\/posts\/20323\/revisions"}],"wp:featuredmedia":[{"embeddable":true,"href":"https:\/\/ameripharmaspecialty.com\/es\/wp-json\/wp\/v2\/media\/20324"}],"wp:attachment":[{"href":"https:\/\/ameripharmaspecialty.com\/es\/wp-json\/wp\/v2\/media?parent=20323"}],"wp:term":[{"taxonomy":"category","embeddable":true,"href":"https:\/\/ameripharmaspecialty.com\/es\/wp-json\/wp\/v2\/categories?post=20323"},{"taxonomy":"post_tag","embeddable":true,"href":"https:\/\/ameripharmaspecialty.com\/es\/wp-json\/wp\/v2\/tags?post=20323"}],"curies":[{"name":"gracias","href":"https:\/\/api.w.org\/{rel}","templated":true}]}}